{"id":11587,"date":"2018-03-22T13:02:49","date_gmt":"2018-03-22T12:02:49","guid":{"rendered":"https:\/\/www.diamantrad.com\/blog\/?p=626"},"modified":"2025-05-21T10:32:37","modified_gmt":"2025-05-21T08:32:37","slug":"diamant-sammler-werner-aidn","status":"publish","type":"post","link":"https:\/\/www.diamantrad.com\/de-DE\/blog\/diamant-sammler-werner-aidn\/","title":{"rendered":"Diamant-Sammler im Portrait: Werner Aidn"},"content":{"rendered":"\n<p class=\"has-text-align-left db-intro\">Sch\u00f6n schnell und speziell &#8211; so l\u00e4sst sich die Rad-Sammlung von Werner Aidn beschreiben. Auf der Suche nach einem neuen Rennrad im Jahr 1985 lernte er Diamant kennen und entwickelte seine Vorliebe f\u00fcr die Traditionsmarke.<\/p>\n\n\n\n<p class=\"has-text-align-left mb-5\">Man kann aus Leidenschaft sammeln, man kann aus Leidenschaft dem Radrennsport fr\u00f6nen und man kann diese Leidenschaften aufs Beste verbinden, so wie Diamantiker Werner Aidn das macht. Im Diamant-Blog erf\u00e4hrst du mehr \u00fcber den Radsportbegeisterten und seine Diamantrad-Kollektion.<\/p>\n\n\n\n<figure class=\"wp-block-image size-full\"><img data-dominant-color=\"817983\" data-has-transparency=\"false\" style=\"--dominant-color: #817983;\" loading=\"lazy\" decoding=\"async\" width=\"1140\" height=\"768\" sizes=\"auto, (max-width: 1140px) 100vw, 1140px\" src=\"https:\/\/www.diamantrad.com\/wp-content\/uploads\/2021\/01\/werner-aidn-diamantiker-am-see.avif\" alt=\"Diamantiker Werner Aidn - Diamantrad-Blog\" class=\"wp-image-11997 not-transparent\" srcset=\"https:\/\/www.diamantrad.com\/wp-content\/uploads\/2021\/01\/werner-aidn-diamantiker-am-see.avif 1140w, https:\/\/www.diamantrad.com\/wp-content\/uploads\/2021\/01\/werner-aidn-diamantiker-am-see-300x202.jpg 300w, https:\/\/www.diamantrad.com\/wp-content\/uploads\/2021\/01\/werner-aidn-diamantiker-am-see-768x517.jpg 768w, https:\/\/www.diamantrad.com\/wp-content\/uploads\/2021\/01\/werner-aidn-diamantiker-am-see-1024x690.jpg 1024w\" \/><\/figure>\n\n\n\n<h3 class=\"wp-block-heading\">Vom Rennrad-Fahrer zum Diamantrad-Sammler<\/h3>\n\n\n\n<p class=\"has-text-align-left\">Begonnen hat Aidns Passion 1985, als er sich auf der Suche nach einem Rennrad befand und irgendwann auf ein Diamant st\u00f6\u00dft. Weil sein Gro\u00dfvater fr\u00fcher ebenfalls ein Zweirad dieses Unternehmens besa\u00df \u2013 allerdings eine feuerrote 500-ccm-Maschine aus den 1920ern \u2013 ist seine Wahl sofort klar. Die Entscheidung ist eine gute, denn er f\u00e4hrt viel und lange mit seinem Rennrad.<\/p>\n\n\n\n<p class=\"has-text-align-left\">Gelegentlich kann es passieren, dass sich zu so einem Rennrad ein zweites gesellt. Bei Werner Aidn ist das auch so, aber dann kommt hier noch eines dazu, da bietet sich vielleicht eine gute Gelegenheit, man entdeckt unverhofft einen langgehegten Wunsch und pl\u00f6tzlich besitzt man eine Kollektion von \u00fcber 50 Exemplaren mit vielen Stra\u00dfen- und Bahnrennr\u00e4dern. Aidn hat sich im Zuge der Zeit zu einem echten Spezialisten f\u00fcr Diamant entwickelt, der neben den R\u00e4dern auch eine reichhaltige Sammlung von Schildern, Plakaten, Aufklebern, Wimpeln und anderen authentischen Diamant-Memorabilia sein eigen nennt.<\/p>\n\n\n\n<h3 class=\"wp-block-heading\">Die Diamant-Kollektion des Werner Aidns<\/h3>\n\n\n\n<p class=\"has-text-align-left\">Fragt man Aidn nach seinem Lieblingsst\u00fcck, so legt er sich nicht fest. Er hat kein Lieblingsst\u00fcck. Allerdings f\u00e4hrt der Rennrad-Sammler besonders gerne mit seinem Modell Nr. 28 in hellgr\u00fcner Originallackierung von 1923, das er schon sehr lange besitzt und mit dem er auch schon \u00f6fters auf <a href=\"https:\/\/www.diamantrad.com\/blog\/nostalgie-radrennen\/\">Nostalgie-Radrennen<\/a> mitgefahren ist.<\/p>\n\n\n\n<p class=\"has-text-align-left mb-5\">Das vielleicht au\u00dfergew\u00f6hnlichste St\u00fcck seiner Sammlung ist jedoch ein besonderes Rad: Ein altes Fahrrad, bei dem die 4-Gang Schaltung weder \u00fcber Kette noch \u00fcber Nabe funktioniert, sondern stattdessen im Tretlager eingebaut ist. Geschaltet wird mit einem langen Hebel wie beim Motorrad. Von diesem Modell wurden gerade mal 41 St\u00fcck gebaut.<\/p>\n\n\n\n<h3 class=\"wp-block-heading\">Nostalgische Renngef\u00fchle leben und teilen<\/h3>\n\n\n\n<p class=\"has-text-align-left\">Aidn teilt seine Leidenschaft als <a href=\"https:\/\/www.diamantrad.com\/fahrradsammler\/\">Fahrradsammler<\/a> gerne. So verfasste er ein Buch, um andere an seinem Wissen teilhaben zu lassen. Das 2010 erschienene \u201eDiamant: Fahrr\u00e4der \u00b7 Motorr\u00e4der \u00b7 Radsport\u201c ist eine Zeitreise durch ein Jahrhundert Diamant und unbedingt lesenswert.<\/p>\n\n\n\n<p class=\"has-text-align-left mb-5\">Au\u00dferdem f\u00e4hrt er immer wieder gerne mit seinen klassischen Flitzern bei Vintage-Rennen wie der <a title=\"https:\/\/www.diamantrad.com\/blog\/leroica-radrennen-toskana\/\" href=\"https:\/\/www.diamantrad.com\/blog\/leroica-radrennen-toskana\/\" target=\"_blank\" rel=\"noopener noreferrer\" aria-label=\"Opens external link in a new tab\">L\u2019Eroica in der Toskana<\/a> mit. Aidn lobt das Vintage-Event als sehr sch\u00f6ne und anspruchsvolle Rennstrecke, die seit 1997 jedes Jahr im Oktober stattfindet und durch das Chianti-Gebiet f\u00fchrt.<\/p>\n\n\n\n<h3 class=\"wp-block-heading\">Weitere Informationen \u00fcber Werner Aidn<\/h3>\n\n\n\n<ul class=\"wp-block-list\">\n<li><a href=\"http:\/\/www.maxime-verlag.de\/produkte\/978-3-931965-25-9\/index.php\" target=\"\" rel=\"noopener noreferrer\" title=\"http:\/\/www.maxime-verlag.de\/produkte\/978-3-931965-25-9\/index.php\">Das Buch von Werner Aidn \u00fcber die Diamant-Geschichte<\/a><\/li>\n\n\n\n<li><a href=\"https:\/\/www.diamantrad.com\/geschichte\/\" target=\"\" rel=\"noopener noreferrer\" title=\"https:\/\/www.diamantrad.com\/geschichte\/\">Die Diamant-Historie<\/a><\/li>\n<\/ul>\n","protected":false},"excerpt":{"rendered":"<p>Sch\u00f6n schnell und speziell &#8211; so l\u00e4sst sich die Rad-Sammlung von Werner Aidn beschreiben. Auf der Suche nach einem neuen Rennrad im Jahr 1985 lernte er Diamant kennen und entwickelte seine Vorliebe f\u00fcr die Traditionsmarke.<\/p>\n","protected":false},"author":8,"featured_media":11209,"comment_status":"closed","ping_status":"closed","sticky":false,"template":"","format":"standard","meta":{"_acf_changed":false,"slim_seo":{"title":"Diamantrad-Sammler Werner Aidn | Diamantrad-Blog","description":"Werner Aidn ist auf einem von seinen rund 50 Rennr\u00e4dern stets unterwegs. Im Diamant-Blog erz\u00e4hlt er von seiner Leidenschaft, wie er diese lebt und teilt."},"footnotes":""},"categories":[21],"tags":[195],"class_list":["post-11587","post","type-post","status-publish","format-standard","has-post-thumbnail","hentry","category-geschichte","tag-diamantiker"],"acf":[],"_links":{"self":[{"href":"https:\/\/www.diamantrad.com\/en-GB\/wp-json\/wp\/v2\/posts\/11587","targetHints":{"allow":["GET"]}}],"collection":[{"href":"https:\/\/www.diamantrad.com\/en-GB\/wp-json\/wp\/v2\/posts"}],"about":[{"href":"https:\/\/www.diamantrad.com\/en-GB\/wp-json\/wp\/v2\/types\/post"}],"author":[{"embeddable":true,"href":"https:\/\/www.diamantrad.com\/en-GB\/wp-json\/wp\/v2\/users\/8"}],"replies":[{"embeddable":true,"href":"https:\/\/www.diamantrad.com\/en-GB\/wp-json\/wp\/v2\/comments?post=11587"}],"version-history":[{"count":2,"href":"https:\/\/www.diamantrad.com\/en-GB\/wp-json\/wp\/v2\/posts\/11587\/revisions"}],"predecessor-version":[{"id":62908,"href":"https:\/\/www.diamantrad.com\/en-GB\/wp-json\/wp\/v2\/posts\/11587\/revisions\/62908"}],"wp:featuredmedia":[{"embeddable":true,"href":"https:\/\/www.diamantrad.com\/en-GB\/wp-json\/wp\/v2\/media\/11209"}],"wp:attachment":[{"href":"https:\/\/www.diamantrad.com\/en-GB\/wp-json\/wp\/v2\/media?parent=11587"}],"wp:term":[{"taxonomy":"category","embeddable":true,"href":"https:\/\/www.diamantrad.com\/en-GB\/wp-json\/wp\/v2\/categories?post=11587"},{"taxonomy":"post_tag","embeddable":true,"href":"https:\/\/www.diamantrad.com\/en-GB\/wp-json\/wp\/v2\/tags?post=11587"}],"curies":[{"name":"wp","href":"https:\/\/api.w.org\/{rel}","templated":true}]}}