{"id":11636,"date":"2019-08-09T12:32:20","date_gmt":"2019-08-09T10:32:20","guid":{"rendered":"https:\/\/www.diamantrad.com\/blog\/?p=5715"},"modified":"2025-05-21T10:26:35","modified_gmt":"2025-05-21T08:26:35","slug":"stefan-mueller-bahlmann-strehla-paussnitz","status":"publish","type":"post","link":"https:\/\/www.diamantrad.com\/de-DE\/blog\/stefan-mueller-bahlmann-strehla-paussnitz\/","title":{"rendered":"Stefan M\u00fcller-Bahlmann: 30 Quadratmeter Fahrrad-Gala"},"content":{"rendered":"\n<p class=\"db-intro\">Stefan M\u00fcller-Bahlmann kennen in Strehla-Pau\u00dfnitz viele. Schlie\u00dflich leitet er das kleinste Fahrradmuseum am Elbradweg. Wir haben Stefan Bahlmann zum Startpunkt seiner Leidenschaft, Zufallsfunden in Garagen und Zukunftsw\u00fcnschen interviewt. Aber lies&#8217; selbst!<\/p>\n\n\n\n<p><strong>Herr M\u00fcller-Bahlmann, Ihre Passion fing mit einem Diebstahl an?<\/strong><\/p>\n\n\n\n<p>Oh ja. Ich fuhr damals ein Downhill-MTB, das irgendwann weg war, trotz Schloss\u2026Ich habe mir dann ein gutes gebrauchtes gekauft \u2013 und bei eBay das Rennrad von Diamant ersteigert \u2013 ein blaues von 1984 mit Favorit 10-Gang-Schaltung. War wie eine Kindheitserinnerung, als ich immer an meinem Jugend-Sportrad herumgeschraubt hatte. Wie jetzt beim Rennrad wieder.<\/p>\n\n\n\n<p><strong>Wieso tr\u00e4gt dieses Rad ein Autogramm von \u201eT\u00e4ve\u201c Schur?<\/strong><\/p>\n\n\n\n<p>2011 war ich damit bei einem Diamant Fahrer-Treffen, auf dem ich auch \u201eT\u00e4ve\u201c Schur traf. Der hat es mir signiert. Sp\u00e4ter auch Edgar Schatz, Axel Peschel und Olaf Ludwig. Ist jetzt so etwas wie ein rollendes Rad-Star-Album.<\/p>\n\n\n\n<p><strong>Sie leiten das kleinste Fahrradmuseum am Elbradweg: Wie klein ist klein \u2013 und was erwartet uns denn da?<\/strong><\/p>\n\n\n\n<p>Mit meinem \u201eJugendtraum\u201c fing es an, doch bei dem blieb es nicht lange \ud83d\ude09 Aus dem Sammeln wurde mein \u201eMuseum\u201c, mit circa 30 qm und aktuell 35 Modellen. Unter anderem gibt\u2019s da ein 19, ein 82 von 1937 und ein 83 von 1938, die \u201eDie Sch\u00f6ne aus Sachsen\u201c oder ein Nr. 9 in Hellblau. Bei dem suche ich noch die perfekten Reifen und das richtige Steuerkopfschild&#8230;<\/p>\n\n\n\n<div class=\"wp-block-group\"><div class=\"wp-block-group__inner-container is-layout-constrained wp-block-group-is-layout-constrained\"><div class=\"wp-bootstrap-blocks-row row\">\n\t\n\n<div class=\"col-12 col-md-4\">\n\t\t\t\n\n<figure class=\"wp-block-image size-full\"><img data-dominant-color=\"a58380\" data-has-transparency=\"false\" style=\"--dominant-color: #a58380;\" loading=\"lazy\" decoding=\"async\" width=\"1140\" height=\"499\" sizes=\"auto, (max-width: 1140px) 100vw, 1140px\" src=\"https:\/\/www.diamantrad.com\/wp-content\/uploads\/2019\/08\/image-1-png.avif\" alt=\"Image\" class=\"wp-image-54614 not-transparent\" srcset=\"https:\/\/www.diamantrad.com\/wp-content\/uploads\/2019\/08\/image-1-png.avif 1140w, https:\/\/www.diamantrad.com\/wp-content\/uploads\/2019\/08\/image-1-300x131.avif 300w, https:\/\/www.diamantrad.com\/wp-content\/uploads\/2019\/08\/image-1-1024x448.avif 1024w, https:\/\/www.diamantrad.com\/wp-content\/uploads\/2019\/08\/image-1-768x336.avif 768w\" \/><\/figure>\n\n\t<\/div>\n\n\n\n<div class=\"col-12 col-md-8\">\n\t\t\t\n\n<p><strong>Hinweis von Diamantrad:<\/strong><br>Im Laufe der Jahre haben wir viele passionierte Sammler getroffen: Wie haben sie zu ihrer Leidenschaft gefunden? Was ist ihr Lieblingsrad und was verbinden sie mit den Diamant-Fahrradwerken? Einzelportraits gibt es auf unserer \u00dcbersichtsseite, auf der alle&nbsp;<a href=\"https:\/\/www.diamantrad.com\/fahrradsammler\/\">Fahrradsammler<\/a>&nbsp;aufgelistet sind.<\/p>\n\n\t<\/div>\n\n<\/div>\n<\/div><\/div>\n\n\n\n<p><strong>Ungew\u00f6hnlich auf unserer Diamantiker-Seite: Was hat es mit dem Ausstellungsst\u00fcck Markoff auf sich?<\/strong><\/p>\n\n\n\n<p>Das kommt von meinem Urgro\u00dfvater. Der f\u00fchrte in Grimma ein Gesch\u00e4ft f\u00fcr N\u00e4hmaschinen und Markenr\u00e4der, aber auch mit eigenen, die er aus Teilen zusammengebaut hat. Markoff war seine Marke. Von der haben wir 2002 immerhin ein Steuerkopfschild, einen Klingeldeckel und ein paar Reparaturt\u00fctchen gefunden. An dieser Stelle vielen Dank an Frank Papperitz, der mir da ziemlich geholfen hat.<\/p>\n\n\n\n<p><strong>Sie sind stolz darauf, dass das eine oder andere Ausstellungsst\u00fcck eine Geschichte hat. Wie w\u00e4r\u02bcs mit einer?<\/strong><\/p>\n\n\n\n<p>Na ja, schon als wir hier vor f\u00fcnf Jahren nach Pau\u00dfnitz ziehen wollten, haben wir uns das Dorf mal angeguckt. Und zuf\u00e4llig auch an einer Garage ein reichlich verrostetes Rennrad gesehen. Ich habe es seinem Besitzer abgekauft, es war ein Diamant. Wie sich sp\u00e4ter herausstellte: ein Friedensfahrt-Modell, Baujahr 1960. Ein echter Scheunenfund. Steht inzwischen da wie das Original. Oder ein NSU-Modell aus K\u00f6ln: wurde nach einem Bombenangriff aus den Tr\u00fcmmern geborgen und hat seinen Besitzer bis nach Flensburg gebracht. Dort habe ich es vor einiger Zeit gefunden\u2026<\/p>\n\n\n\n<figure class=\"wp-block-image size-full\"><img data-dominant-color=\"5a7786\" data-has-transparency=\"false\" style=\"--dominant-color: #5a7786;\" loading=\"lazy\" decoding=\"async\" width=\"1140\" height=\"633\" sizes=\"auto, (max-width: 1140px) 100vw, 1140px\" src=\"https:\/\/www.diamantrad.com\/wp-content\/uploads\/2019\/08\/stefan-mueller-bahlmann-fahrradmuseum-diamantrad-blog.avif\" alt=\"Stefan M\u00fcller-Bahlmann in seinem Fahrradmuseum - Diamantrad-Blog\" class=\"wp-image-11503 not-transparent\" srcset=\"https:\/\/www.diamantrad.com\/wp-content\/uploads\/2019\/08\/stefan-mueller-bahlmann-fahrradmuseum-diamantrad-blog.avif 1140w, https:\/\/www.diamantrad.com\/wp-content\/uploads\/2019\/08\/stefan-mueller-bahlmann-fahrradmuseum-diamantrad-blog-300x167.jpg 300w, https:\/\/www.diamantrad.com\/wp-content\/uploads\/2019\/08\/stefan-mueller-bahlmann-fahrradmuseum-diamantrad-blog-768x426.jpg 768w, https:\/\/www.diamantrad.com\/wp-content\/uploads\/2019\/08\/stefan-mueller-bahlmann-fahrradmuseum-diamantrad-blog-1024x569.jpg 1024w\" \/><\/figure>\n\n\n\n<p><strong><br>Wenn Sie sich als Diamantiker etwas w\u00fcnschen k\u00f6nnten, was w\u00e4re das?<\/strong><\/p>\n\n\n\n<p>Ganz pers\u00f6nlich: Gesundheit und Gl\u00fcck f\u00fcr meine Frau, die ich sehr liebe! Und au\u00dferdem: dass Diamant wieder Rennmaschinen mit Stahlrahmen baut und bei internationalen Wettbewerben dabei ist. Denke mal, es geht nicht nur mir so.<\/p>\n\n\n\n<p>Zu guter Letzt: Wie steht eigentlich Ihre Frau zu Ihrer Passion? Sie sagt: Sammeln ist eine Leidenschaft, die Leiden schafft! Nein, im Ernst, sie toleriert das wirklich. Mein Friedensfahrt-Modell hat \u00fcbrigens ihren Geburtstag als Startnummer.<\/p>\n\n\n\n<p class=\"mb-5\"><strong>Herr M\u00fcller-Bahlmann, wir bedanken uns f\u00fcr dieses Interview! Wer das kleinste Fahrradmuseum am Elbradweg mal besuchen m\u00f6chte: Am besten am Tag vorher unter 0162-986 40 30 anrufen.<\/strong><\/p>\n\n\n\n<h4 class=\"wp-block-heading\">Weitere Informationen zu Stefan M\u00fcller-Bahlmann und seinem Fahrradmuseum<\/h4>\n\n\n\n<ul class=\"wp-block-list\">\n<li><a href=\"https:\/\/www.torgauerzeitung.com\/Artikel\/default.aspx?t=NewsDetailModus(96051)\" target=\"_blank\" rel=\"nofollow noopener noreferrer\" title=\"https:\/\/www.torgauerzeitung.com\/Artikel\/default.aspx?t=NewsDetailModus(96051)\" aria-label=\"Opens external link in a new tab\">Interview mit Herrn M\u00fcller-Bahlmann in der Torgauer Zeitung<\/a><\/li>\n\n\n\n<li><a href=\"https:\/\/www.wochenkurier.info\/sachsen\/meissen\/artikel\/treff-fuer-echte-diamant-fans-72922\/\" target=\"_blank\" rel=\"nofollow noopener noreferrer\" title=\"https:\/\/www.wochenkurier.info\/sachsen\/meissen\/artikel\/treff-fuer-echte-diamant-fans-72922\/\" aria-label=\"Opens external link in a new tab\">Der Wochenkurier berichtet \u00fcber Herrn M\u00fcller-Bahlmann und das 13. Diamant-Fahrradtreffen, das 2019 in Pau\u00dfnitz stattfand<\/a><\/li>\n<\/ul>\n","protected":false},"excerpt":{"rendered":"<p>Stefan M\u00fcller-Bahlmann kennen in Strehla-Pau\u00dfnitz viele. Schlie\u00dflich leitet er das kleinste Fahrradmuseum am Elbradweg\u2026 Wir haben ihn zum Startpunkt seiner Leidenschaft, Zufallsfunden in Garagen und Zukunftsw\u00fcnschen interviewt.<\/p>\n","protected":false},"author":8,"featured_media":11504,"comment_status":"closed","ping_status":"closed","sticky":false,"template":"","format":"standard","meta":{"_acf_changed":false,"slim_seo":{"title":"Stefan M\u00fcller-Bahlmann: Diamantiker aus Strehla-Pau\u00dfnitz","description":"Stefan M\u00fcller-Bahlmann betreibt das kleinste Fahrradmuseum am Elbradweg. Wir interviewen den Fahrradsammler zu seiner Leidenschaft."},"footnotes":""},"categories":[21],"tags":[195],"class_list":["post-11636","post","type-post","status-publish","format-standard","has-post-thumbnail","hentry","category-geschichte","tag-diamantiker"],"acf":[],"_links":{"self":[{"href":"https:\/\/www.diamantrad.com\/en-GB\/wp-json\/wp\/v2\/posts\/11636","targetHints":{"allow":["GET"]}}],"collection":[{"href":"https:\/\/www.diamantrad.com\/en-GB\/wp-json\/wp\/v2\/posts"}],"about":[{"href":"https:\/\/www.diamantrad.com\/en-GB\/wp-json\/wp\/v2\/types\/post"}],"author":[{"embeddable":true,"href":"https:\/\/www.diamantrad.com\/en-GB\/wp-json\/wp\/v2\/users\/8"}],"replies":[{"embeddable":true,"href":"https:\/\/www.diamantrad.com\/en-GB\/wp-json\/wp\/v2\/comments?post=11636"}],"version-history":[{"count":5,"href":"https:\/\/www.diamantrad.com\/en-GB\/wp-json\/wp\/v2\/posts\/11636\/revisions"}],"predecessor-version":[{"id":62903,"href":"https:\/\/www.diamantrad.com\/en-GB\/wp-json\/wp\/v2\/posts\/11636\/revisions\/62903"}],"wp:featuredmedia":[{"embeddable":true,"href":"https:\/\/www.diamantrad.com\/en-GB\/wp-json\/wp\/v2\/media\/11504"}],"wp:attachment":[{"href":"https:\/\/www.diamantrad.com\/en-GB\/wp-json\/wp\/v2\/media?parent=11636"}],"wp:term":[{"taxonomy":"category","embeddable":true,"href":"https:\/\/www.diamantrad.com\/en-GB\/wp-json\/wp\/v2\/categories?post=11636"},{"taxonomy":"post_tag","embeddable":true,"href":"https:\/\/www.diamantrad.com\/en-GB\/wp-json\/wp\/v2\/tags?post=11636"}],"curies":[{"name":"wp","href":"https:\/\/api.w.org\/{rel}","templated":true}]}}