{"id":15377,"date":"2021-08-26T14:47:48","date_gmt":"2021-08-26T12:47:48","guid":{"rendered":"https:\/\/www.diamantrad.com\/?p=15377"},"modified":"2025-03-24T14:40:07","modified_gmt":"2025-03-24T13:40:07","slug":"weltgroesste-fahrradkampagne-stadtradeln","status":"publish","type":"post","link":"https:\/\/www.diamantrad.com\/de-DE\/blog\/weltgroesste-fahrradkampagne-stadtradeln\/","title":{"rendered":"Weltgr\u00f6\u00dfte Fahrradkampagne \u00abStadtradeln\u00bb"},"content":{"rendered":"\n<p><strong>Wir lieben Fahrr\u00e4der und wir lieben Fahrrad fahren. Deshalb unterst\u00fctzt Diamant die weltgr\u00f6\u00dfte Fahrradkampagne STADTRADELN. Wie viele andere St\u00e4dte, tritt nun zum ersten Mal auch Chemnitz beim STADTRADELN in die Pedale \u2013 f\u00fcr Fahrradfreundlichkeit, Klimaschutz und mehr Lebensqualit\u00e4t.<\/strong><\/p>\n\n\n\n<p>Beim Wettbewerb STADTRADELN geht es vor allem darum, m\u00f6glichst viele Menschen f\u00fcr das Umsteigen auf das Fahrrad im Alltag zu gewinnen und dadurch einen Beitrag zum Klimaschutz und Radverkehrsf\u00f6rderung zu leisten. Dabei ist es egal, ob du ein Veteran beim&nbsp;<a href=\"https:\/\/www.diamantrad.com\/radfahren-in-der-stadt\/\">Radfahren in der Stadt<\/a>&nbsp;oder auf dem Land oder bisher eher selten mit dem Rad unterwegs bist. Vom 6. September bis zum 26. September z\u00e4hlt jeder mit dem Rad beruflich oder privat gefahrene Kilometer \u2013 erst recht wenn du ihn sonst mit dem Auto zur\u00fcckgelegt h\u00e4ttest.<\/p>\n\n\n\n<h3 class=\"wp-block-heading\">Mitmachen geht ganz einfach<\/h3>\n\n\n\n<p>Mit Freunden, Arbeitskollegen, Klassenkameraden oder Vereinsmitgliedern ein Radelteam gr\u00fcnden und der Stadt Chemnitz zu einer guten Platzierung verhelfen. Denn jeder gefahrene Kilometer z\u00e4hlt. Unter&nbsp;<a href=\"http:\/\/www.stadtradeln.de\/chemnitz\">www.stadtradeln.de\/chemnitz&nbsp;<\/a>meldet ein Kapit\u00e4n sein Team im Internet an. Dann k\u00f6nnen sich weitere Teilnehmer ins Team eintragen. Diese m\u00fcssen sich ebenfalls unter der genannten Homepage registrieren. Eine Anmeldung ist auch noch w\u00e4hrend des gesamten Aktionszeitraums m\u00f6glich. Die gefahrenen Kilometer werden dann r\u00fcckwirkend eintragen. Mit der STADTRADELN-App kann man auch die gefahrenen Kilometer mittracken.<\/p>\n\n\n\n<h3 class=\"wp-block-heading\">Jedes Gewinnerteam erh\u00e4lt einen eigenen Baum<\/h3>\n\n\n\n<p>Am Ende der Kampagne werden unter den Teilnehmer attraktive Preise verlost. Die Gewinner werden in f\u00fcnf Kategorien ausgezeichnet: die aktivsten Radler (Personen mit den meisten Radkilometern), das Team mit den radelaktivsten Teilnehmer (Team mit dem meisten Radkilometern pro Person), das radelaktivste Team mit den meisten Radkilometern, die fahrradaktivste Kita und die fahrradaktivste Schule. Die Stadt Chemnitz wird f\u00fcr jedes Gewinner-Team einen Baum pflanzen.<\/p>\n\n\n<div class=\"wp-bootstrap-blocks-row row\">\n\t\n\n<div class=\"col-12 col-md-6\">\n\t\t\t<div class=\"h-100 d-flex flex-column justify-content-center\">\n\t\t\t\n\n<h3 class=\"wp-block-heading\"><strong>STADTRADELN<\/strong><\/h3>\n\n\n\n<p>Die Stadt Chemnitz nimmt vom 6. September bis 26. September 2021 am STADTRADELN teil. Alle, die in der Stadt Chemnitz wohnen, arbeiten, einem Verein angeh\u00f6ren oder eine (Hoch-)Schule besuchen, k\u00f6nnen beim STADTRADELN teilnehmen.<\/p>\n\n\n\n<div class=\"wp-block-buttons is-layout-flex wp-block-buttons-is-layout-flex\">\n<div class=\"wp-block-button\"><a role=\"button\" class=\"wp-block-button__link wp-element-button\" href=\"https:\/\/www.stadtradeln.de\/chemnitz\">Klick mal!<\/a><\/div>\n<\/div>\n\n\t\t<\/div>\n\t<\/div>\n\n\n\n<div class=\"col-12 col-md-6\">\n\t\t\t<div class=\"h-100 d-flex flex-column justify-content-center\">\n\t\t\t\n\n<figure class=\"wp-block-image\"><img decoding=\"async\" src=\"https:\/\/www.diamantrad.com\/wp-content\/uploads\/2021\/08\/DIA_MY21_018_67I3310-scaled.jpg\" alt=\"\"\/><\/figure>\n\n\t\t<\/div>\n\t<\/div>\n\n<\/div>\n\n\n\n<h3 class=\"wp-block-heading\">STADTRADELN gibt es \u00fcberall<\/h3>\n\n\n\n<p>Die Aktion STADTRADELN gibt es seit 2008 und ist mittlerweile in vielen verschiedenen St\u00e4dten vertreten. Beim Wettbewerb geht es darum, 21 Tage lang m\u00f6glichst viele Alltagswege klimafreundlich mit dem Fahrrad zur\u00fcckzulegen. Die Ergebnisse des Wettbewerbs zeigen, wie viele Menschen bereits mit dem Fahrrad unterwegs sind und dadurch einen Beitrag zum Klimaschutz leisten. Erfahre mehr unter&nbsp;<a href=\"http:\/\/www.stadtradeln.de\/\">www.stadtradeln.de<\/a>&nbsp;und finde auch du einen Weg vom Auto auf das Fahrrad umzusteigen.<\/p>\n","protected":false},"excerpt":{"rendered":"<p>Wir lieben Fahrr\u00e4der und wir lieben Fahrrad fahren. Deshalb unterst\u00fctzt Diamant die weltgr\u00f6\u00dfte Fahrradkampagne STADTRADELN. Wie viele andere St\u00e4dte, tritt nun zum ersten Mal auch Chemnitz beim STADTRADELN in die Pedale \u2013 f\u00fcr Fahrradfreundlichkeit, Klimaschutz und mehr Lebensqualit\u00e4t. Beim Wettbewerb STADTRADELN geht es vor allem darum, m\u00f6glichst viele Menschen f\u00fcr das Umsteigen auf das Fahrrad [&hellip;]<\/p>\n","protected":false},"author":8,"featured_media":15721,"comment_status":"closed","ping_status":"open","sticky":false,"template":"","format":"standard","meta":{"_acf_changed":false,"slim_seo":{"title":"Weltgr\u00f6\u00dfte Fahrradkampagne \u00abStadtradeln\u00bb \u00b0 Diamantrad","description":"Wir lieben Fahrr\u00e4der und wir lieben Fahrrad fahren. Deshalb unterst\u00fctzt Diamant die weltgr\u00f6\u00dfte Fahrradkampagne STADTRADELN. Wie viele andere St\u00e4dte, tritt nun z"},"footnotes":""},"categories":[26],"tags":[87,86,88,80,85],"class_list":["post-15377","post","type-post","status-publish","format-standard","has-post-thumbnail","hentry","category-news","tag-chemnitz","tag-kampagne","tag-klimaschutz","tag-radfahren-stadt","tag-stadtradeln"],"acf":[],"_links":{"self":[{"href":"https:\/\/www.diamantrad.com\/de-DE\/wp-json\/wp\/v2\/posts\/15377","targetHints":{"allow":["GET"]}}],"collection":[{"href":"https:\/\/www.diamantrad.com\/de-DE\/wp-json\/wp\/v2\/posts"}],"about":[{"href":"https:\/\/www.diamantrad.com\/de-DE\/wp-json\/wp\/v2\/types\/post"}],"author":[{"embeddable":true,"href":"https:\/\/www.diamantrad.com\/de-DE\/wp-json\/wp\/v2\/users\/8"}],"replies":[{"embeddable":true,"href":"https:\/\/www.diamantrad.com\/de-DE\/wp-json\/wp\/v2\/comments?post=15377"}],"version-history":[{"count":0,"href":"https:\/\/www.diamantrad.com\/de-DE\/wp-json\/wp\/v2\/posts\/15377\/revisions"}],"wp:featuredmedia":[{"embeddable":true,"href":"https:\/\/www.diamantrad.com\/de-DE\/wp-json\/wp\/v2\/media\/15721"}],"wp:attachment":[{"href":"https:\/\/www.diamantrad.com\/de-DE\/wp-json\/wp\/v2\/media?parent=15377"}],"wp:term":[{"taxonomy":"category","embeddable":true,"href":"https:\/\/www.diamantrad.com\/de-DE\/wp-json\/wp\/v2\/categories?post=15377"},{"taxonomy":"post_tag","embeddable":true,"href":"https:\/\/www.diamantrad.com\/de-DE\/wp-json\/wp\/v2\/tags?post=15377"}],"curies":[{"name":"wp","href":"https:\/\/api.w.org\/{rel}","templated":true}]}}