{"id":28486,"date":"2023-06-21T08:00:31","date_gmt":"2023-06-21T06:00:31","guid":{"rendered":"https:\/\/www.diamantrad.com\/?p=28486"},"modified":"2025-03-24T14:40:05","modified_gmt":"2025-03-24T13:40:05","slug":"e-bike-euphorie-bei-maennern-radmuffel-im-westen-neue-studie-zeigt-wie-deutschland-radelt","status":"publish","type":"post","link":"https:\/\/www.diamantrad.com\/de-DE\/blog\/e-bike-euphorie-bei-maennern-radmuffel-im-westen-neue-studie-zeigt-wie-deutschland-radelt\/","title":{"rendered":"E-Bike-Euphorie bei M\u00e4nnern, Radmuffel im Westen: Neue Studie zeigt, wie Deutschland radelt"},"content":{"rendered":"\n<p class=\"mb-5\"><strong>Gemeinsam mit den Marktforschern von Consumerfieldwork haben wir 1.010 deutsche B\u00fcrger:innen nach ihren Fahrrad-Gewohnheiten befragt. W\u00e4hrend E-Bikes besonders bei m\u00e4nnlichen Radfahrern beliebt sind, zeigt sich ein deutlicher Unterschied zwischen den Bundesl\u00e4ndern, wobei Radmuffel und gleichzeitig E-Bike-Liebhaber vor allem im Westen zu finden sind. Weitere spannende Einblicke findest du in diesem Blogbeitrag.<\/strong><\/p>\n\n\n\n<h3 class=\"wp-block-heading\">DRAHTESEL MIT UND OHNE MOTOR: DEUTSCHLAND IST AUF DEM FAHRRAD UNTERWEGS<\/h3>\n\n\n\n<p>75 Prozent der Befragten nutzen das Fahrrad f\u00fcr ihre Fortbewegung, wobei 66 Prozent noch eigenst\u00e4ndig in die Pedale treten. Ein besonderes Faible f\u00fcr Geschwindigkeit und Technik zeigt sich bei den m\u00e4nnlichen Teilnehmern: 57 Prozent favorisieren generell ihr E-Bike, wenn sie beides besitzen. 11 Prozent der Teilnehmer:innen besitzen sowohl ein E-Bike als auch ein herk\u00f6mmliches Fahrrad.<\/p>\n\n\n<div class=\"wp-block-image mb-5\">\n<figure class=\"aligncenter size-full\"><img data-dominant-color=\"c08080\" data-has-transparency=\"false\" style=\"--dominant-color: #c08080;\" loading=\"lazy\" decoding=\"async\" width=\"1200\" height=\"1200\" sizes=\"auto, (max-width: 1200px) 100vw, 1200px\" src=\"https:\/\/www.diamantrad.com\/wp-content\/uploads\/2023\/06\/Blog_Diamant-Umfrage_Grafik-01-2.avif\" alt=\"\" class=\"wp-image-28515 not-transparent\" srcset=\"https:\/\/www.diamantrad.com\/wp-content\/uploads\/2023\/06\/Blog_Diamant-Umfrage_Grafik-01-2.avif 1200w, https:\/\/www.diamantrad.com\/wp-content\/uploads\/2023\/06\/Blog_Diamant-Umfrage_Grafik-01-2-150x150.jpg 150w, https:\/\/www.diamantrad.com\/wp-content\/uploads\/2023\/06\/Blog_Diamant-Umfrage_Grafik-01-2-300x300.jpg 300w, https:\/\/www.diamantrad.com\/wp-content\/uploads\/2023\/06\/Blog_Diamant-Umfrage_Grafik-01-2-768x768.jpg 768w, https:\/\/www.diamantrad.com\/wp-content\/uploads\/2023\/06\/Blog_Diamant-Umfrage_Grafik-01-2-1024x1024.jpg 1024w\" \/><\/figure>\n<\/div>\n\n\n<h3 class=\"wp-block-heading\">DIE RADMUFFEL: FRAUEN UND WESTDEUTSCHE SIND WENIGER AUF DEM FAHRRAD UNTERWEGS<\/h3>\n\n\n\n<p>Eine bemerkenswerte Feststellung ist, dass von denjenigen, die kein eigenes Rad besitzen, 57 Prozent weiblich sind. Das widerspricht dem g\u00e4ngigen Vorurteil, dass Frauen oft statt mit dem Auto eher mit dem Rad mobil sind. Auch die westdeutschen L\u00e4nder wie Nordrhein-Westfalen, Hessen, das Saarland und Rheinland-Pfalz sind weniger auf dem Fahrrad unterwegs. Von den Befragten aus diesen Bundesl\u00e4ndern gaben 35 Prozent an, kein Fahrrad zu besitzen. Weil darunter auch drei sehr bev\u00f6lkerungsreiche Bundesl\u00e4nder mit eng beieinander liegenden Gro\u00dfst\u00e4dten sind, gibt es hier offenkundig noch ein besonders gro\u00dfes Potential f\u00fcr mehr Radverkehr, m\u00f6glicherweise durch Unterst\u00fctzung beim Radkauf.<\/p>\n\n\n<div class=\"wp-block-image mb-5\">\n<figure class=\"aligncenter size-full\"><img data-dominant-color=\"be8080\" data-has-transparency=\"false\" style=\"--dominant-color: #be8080;\" loading=\"lazy\" decoding=\"async\" width=\"1200\" height=\"593\" sizes=\"auto, (max-width: 1200px) 100vw, 1200px\" src=\"https:\/\/www.diamantrad.com\/wp-content\/uploads\/2023\/06\/Blog_Diamant-Umfrage_Grafik-02-1.avif\" alt=\"\" class=\"wp-image-28523 not-transparent\" srcset=\"https:\/\/www.diamantrad.com\/wp-content\/uploads\/2023\/06\/Blog_Diamant-Umfrage_Grafik-02-1.avif 1200w, https:\/\/www.diamantrad.com\/wp-content\/uploads\/2023\/06\/Blog_Diamant-Umfrage_Grafik-02-1-300x148.jpg 300w, https:\/\/www.diamantrad.com\/wp-content\/uploads\/2023\/06\/Blog_Diamant-Umfrage_Grafik-02-1-768x380.jpg 768w, https:\/\/www.diamantrad.com\/wp-content\/uploads\/2023\/06\/Blog_Diamant-Umfrage_Grafik-02-1-1024x506.jpg 1024w\" \/><\/figure>\n<\/div>\n\n\n<h3 class=\"wp-block-heading\">WESTDEUTSCHE UND E-BIKES: EINE GROSSE LIEBE<\/h3>\n\n\n\n<p>E-Bikes hingegen sind in Westdeutschland besonders beliebt: 49 Prozent, die angegeben haben, dass sie auschli\u00dflich E-Bike fahren, leben aktuell in Westdeutschland (NRW, Hessen, Saarland und Rheinland-Pfalz). Dabei ist Nordrhein-Westfalen Spitzenreiter. Dort nutzt mehr als jeder Dritte Radfahrer die Vorz\u00fcge des motorisierten Zweirades. Auch in Sachen Radfahrfrequenz sind die Westdeutschen \u2013 mit 32 Prozent fast t\u00e4glichem Radfahren \u2013 Spitzenreiter.<\/p>\n\n\n<div class=\"wp-block-image mb-5\">\n<figure class=\"aligncenter size-full\"><img data-dominant-color=\"bf8080\" data-has-transparency=\"false\" style=\"--dominant-color: #bf8080;\" loading=\"lazy\" decoding=\"async\" width=\"1200\" height=\"593\" sizes=\"auto, (max-width: 1200px) 100vw, 1200px\" src=\"https:\/\/www.diamantrad.com\/wp-content\/uploads\/2023\/06\/Blog_Diamant-Umfrage_Grafik-03-1.avif\" alt=\"\" class=\"wp-image-28527 not-transparent\" srcset=\"https:\/\/www.diamantrad.com\/wp-content\/uploads\/2023\/06\/Blog_Diamant-Umfrage_Grafik-03-1.avif 1200w, https:\/\/www.diamantrad.com\/wp-content\/uploads\/2023\/06\/Blog_Diamant-Umfrage_Grafik-03-1-300x148.jpg 300w, https:\/\/www.diamantrad.com\/wp-content\/uploads\/2023\/06\/Blog_Diamant-Umfrage_Grafik-03-1-768x380.jpg 768w, https:\/\/www.diamantrad.com\/wp-content\/uploads\/2023\/06\/Blog_Diamant-Umfrage_Grafik-03-1-1024x506.jpg 1024w\" \/><\/figure>\n<\/div>\n\n\n<h3 class=\"wp-block-heading\">AUTO, FAHRRAD ODER \u00d6FFENTILICHER VERKEHR? DAS SIND DIE BEVORZUGTEN FORTBEWEGUNGSMITTEL IN DEUTSCHLAND<\/h3>\n\n\n\n<p>Im Allgemeinen bevorzugen 63 Prozent der Befragten das eigene Auto f\u00fcr ihre Fortbewegung. Das Fahrrad folgt mit 38 Prozent auf dem zweiten Platz, w\u00e4hrend \u00d6ffentliche Verkehrsmittel mit 26 Prozent auf dem dritten Platz landen. Es scheint jedoch, dass ein E-Bike den Anreiz zum Radfahren erh\u00f6hen k\u00f6nnte: 37 Prozent der Befragten gaben an, dass sie eher mit dem Fahrrad fahren w\u00fcrden, wenn sie ein E-Bike bes\u00e4\u00dfen.<\/p>\n\n\n<div class=\"wp-block-image mb-5\">\n<figure class=\"aligncenter size-full\"><img data-dominant-color=\"bf8080\" data-has-transparency=\"false\" style=\"--dominant-color: #bf8080;\" loading=\"lazy\" decoding=\"async\" width=\"1200\" height=\"1200\" sizes=\"auto, (max-width: 1200px) 100vw, 1200px\" src=\"https:\/\/www.diamantrad.com\/wp-content\/uploads\/2023\/06\/Blog_Diamant-Umfrage_Grafik-04.avif\" alt=\"\" class=\"wp-image-28519 not-transparent\" srcset=\"https:\/\/www.diamantrad.com\/wp-content\/uploads\/2023\/06\/Blog_Diamant-Umfrage_Grafik-04.avif 1200w, https:\/\/www.diamantrad.com\/wp-content\/uploads\/2023\/06\/Blog_Diamant-Umfrage_Grafik-04-150x150.jpg 150w, https:\/\/www.diamantrad.com\/wp-content\/uploads\/2023\/06\/Blog_Diamant-Umfrage_Grafik-04-300x300.jpg 300w, https:\/\/www.diamantrad.com\/wp-content\/uploads\/2023\/06\/Blog_Diamant-Umfrage_Grafik-04-768x768.jpg 768w, https:\/\/www.diamantrad.com\/wp-content\/uploads\/2023\/06\/Blog_Diamant-Umfrage_Grafik-04-1024x1024.jpg 1024w\" \/><\/figure>\n<\/div>\n\n\n<p><strong>\u00dcber die Umfrage<\/strong><\/p>\n\n\n\n<p class=\"mb-5\">Im Mai 2023 haben wir zusammen mit dem Hamburger Marktforschungsinstitut Consumerfieldwork bev\u00f6lkerungsrepr\u00e4sentativ 1.010 deutsche B\u00fcrger:innen ab 18 Jahren \u00fcber ein Online-Panel nach ihren Fahrrad-Gewohnheiten befragt. Die kompletten Ergebnisse der Umfrage folgen und bieten tiefere Einblicke in die W\u00fcnsche und Anforderungen der Deutschen an ihre Fahrr\u00e4der und E-Bikes, die Bedeutung des Fahrrads als Fortbewegungsmittel und die verschiedenen Einsatzm\u00f6glichkeiten von E-Bikes.<\/p>\n\n\n\n<h3 class=\"wp-block-heading\">WEITERF\u00dcHRENDE INFORMATIONEN<\/h3>\n\n\n\n<ul class=\"wp-block-list\">\n<li><a href=\"https:\/\/www.diamantrad.com\/bikes\/ebikes\/\" target=\"_blank\" rel=\"noreferrer noopener\" aria-label=\"Opens external link in a new tab\">Alle E-Bikes von Diamant<\/a><\/li>\n\n\n\n<li><a href=\"https:\/\/www.diamantrad.com\/bikes\/bikes-ohne-motor\/\" target=\"_blank\" rel=\"noreferrer noopener\" aria-label=\"Opens external link in a new tab\">Alle Bikes von Diamant ohne Motor<\/a><\/li>\n\n\n\n<li><a href=\"https:\/\/www.diamantrad.com\/?page_id=4876\" target=\"_blank\" rel=\"noreferrer noopener\" aria-label=\"Opens external link in a new tab\">Bike Finder: Finde dein passendes Rad<\/a><\/li>\n<\/ul>\n","protected":false},"excerpt":{"rendered":"<p>Gemeinsam mit den Marktforschern von Consumerfieldwork haben wir 1.010 deutsche B\u00fcrger:innen nach ihren Fahrrad-Gewohnheiten befragt. W\u00e4hrend E-Bikes besonders bei m\u00e4nnlichen Radfahrern beliebt sind, zeigt sich ein deutlicher Unterschied zwischen den Bundesl\u00e4ndern, wobei Radmuffel und gleichzeitig E-Bike-Liebhaber vor allem im Westen zu finden sind. Weitere spannende Einblicke findest du in diesem Blogbeitrag. DRAHTESEL MIT UND OHNE [&hellip;]<\/p>\n","protected":false},"author":8,"featured_media":28505,"comment_status":"closed","ping_status":"closed","sticky":false,"template":"","format":"standard","meta":{"_acf_changed":false,"slim_seo":{"title":"Neue Fahrradstudie zeigt, wie Deutschland radelt | Diamantrad","description":"Diese repr\u00e4sentative Umfrage unter 1.010 deutschen B\u00fcrger:innen liefert spannende Einblicke in die Radfahr-Gewohnheiten des Landes."},"footnotes":""},"categories":[26],"tags":[207,206],"class_list":["post-28486","post","type-post","status-publish","format-standard","has-post-thumbnail","hentry","category-news","tag-deutschland","tag-fahrradstudie"],"acf":[],"_links":{"self":[{"href":"https:\/\/www.diamantrad.com\/en-GB\/wp-json\/wp\/v2\/posts\/28486","targetHints":{"allow":["GET"]}}],"collection":[{"href":"https:\/\/www.diamantrad.com\/en-GB\/wp-json\/wp\/v2\/posts"}],"about":[{"href":"https:\/\/www.diamantrad.com\/en-GB\/wp-json\/wp\/v2\/types\/post"}],"author":[{"embeddable":true,"href":"https:\/\/www.diamantrad.com\/en-GB\/wp-json\/wp\/v2\/users\/8"}],"replies":[{"embeddable":true,"href":"https:\/\/www.diamantrad.com\/en-GB\/wp-json\/wp\/v2\/comments?post=28486"}],"version-history":[{"count":0,"href":"https:\/\/www.diamantrad.com\/en-GB\/wp-json\/wp\/v2\/posts\/28486\/revisions"}],"wp:featuredmedia":[{"embeddable":true,"href":"https:\/\/www.diamantrad.com\/en-GB\/wp-json\/wp\/v2\/media\/28505"}],"wp:attachment":[{"href":"https:\/\/www.diamantrad.com\/en-GB\/wp-json\/wp\/v2\/media?parent=28486"}],"wp:term":[{"taxonomy":"category","embeddable":true,"href":"https:\/\/www.diamantrad.com\/en-GB\/wp-json\/wp\/v2\/categories?post=28486"},{"taxonomy":"post_tag","embeddable":true,"href":"https:\/\/www.diamantrad.com\/en-GB\/wp-json\/wp\/v2\/tags?post=28486"}],"curies":[{"name":"wp","href":"https:\/\/api.w.org\/{rel}","templated":true}]}}