{"id":391,"date":"2018-03-08T12:37:55","date_gmt":"2018-03-08T11:37:55","guid":{"rendered":"https:\/\/www.diamantrad.com\/blog\/?p=391"},"modified":"2025-03-24T14:40:08","modified_gmt":"2025-03-24T13:40:08","slug":"fahrradmitnahme-bahn","status":"publish","type":"post","link":"https:\/\/www.diamantrad.com\/de-DE\/blog\/fahrradmitnahme-bahn\/","title":{"rendered":"Fahrradmitnahme in der Bahn"},"content":{"rendered":"\n<p class=\"has-text-align-left db-intro\"><strong>Egal ob beim t\u00e4glichen Pendeln oder im Rahmen des lang geplanten Radurlaubs: Viele Menschen sind auf die Kombination von Fahrrad und Zug angewiesen. Mit einigen Hinweisen und Tipps wird die Fahrradmitnahme in der Bahn einfach und komfortabel. <\/strong><\/p>\n\n\n\n<p class=\"has-text-align-left\">In unserem Ratgeber findest du Antworten auf h\u00e4ufige Fragen zum Reisen mit Bahn und Rad in Deutschland, \u00d6sterreich und der Schweiz, beispielsweise zu der Regelung einzelner Regionen. Wir geben dir aber auch einen \u00dcberblick \u00fcber die Unterschiede bei Fern- und Nahverkehrsz\u00fcgen und mehr.<\/p>\n\n\n\n<h5 class=\"wp-block-heading\">Inhalt:<\/h5>\n\n\n\n<p class=\"has-text-align-left\"><strong>Allgemeine Informationen zur Fahrradmitnahme in der Bahn<\/strong><\/p>\n\n\n\n<ul class=\"wp-block-list\">\n<li><a href=\"#anker1\">Was gilt bei der Bahn als Fahrrad?<\/a><\/li>\n\n\n\n<li><a href=\"#anker2\">Wie viel kostet die Fahrradmitnahme in der Bahn?<\/a><\/li>\n\n\n\n<li><a href=\"#anker2\">In welchem Zug darf ich das Fahrrad mitnehmen?<\/a>\n<ul class=\"wp-block-list\">\n<li><a href=\"#anker3\">Deutschland<\/a><\/li>\n\n\n\n<li><a href=\"#anker4\">\u00d6sterreich<\/a><\/li>\n\n\n\n<li><a href=\"#anker5\">Schweiz<\/a><\/li>\n<\/ul>\n<\/li>\n\n\n\n<li><a href=\"#anker6\">Kann ich mein Fahrrad in der S- oder U-Bahn mitnehmen?<\/a><\/li>\n<\/ul>\n\n\n\n<p class=\"has-text-align-left\"><strong>L\u00e4nder-spezifische Regelungen zur Fahrradmitnahme in der Bahn<\/strong><\/p>\n\n\n\n<ul class=\"wp-block-list\">\n<li><a href=\"#anker7\">Fahrr\u00e4der in Fernverkehrsz\u00fcgen<\/a><\/li>\n\n\n\n<li><a href=\"#anker8\">Kann ich mein Fahrrad im ICE mitnehmen?<\/a><\/li>\n\n\n\n<li><a href=\"#anker9\">Die Fahrradmitnahme in internationalen Z\u00fcgen<\/a>\n<ul class=\"wp-block-list\">\n<li><a href=\"#anker10\">L\u00e4nder \u00dcbersicht Europa<\/a><\/li>\n<\/ul>\n<\/li>\n<\/ul>\n\n\n\n<p class=\"has-text-align-left\"><strong>Buchung von Fahrradtickets und Fahrrad-Versandm\u00f6glichkeiten<\/strong><\/p>\n\n\n\n<ul class=\"wp-block-list\">\n<li><a href=\"#anker11\">Wo kann ich ein Fahrradticket f\u00fcr die Bahn buchen?<\/a><\/li>\n\n\n\n<li><a href=\"#anker12\">Alle Fahrradstellpl\u00e4tze in der Bahn reserviert \u2013 und jetzt?<\/a><\/li>\n\n\n\n<li><a href=\"#anker13\">Fahrradmitnahme in Z\u00fcgen f\u00fcr Gruppen<\/a><\/li>\n\n\n\n<li><a href=\"#anker14\">Fahrrad in der Bahn als Handgep\u00e4ck mitnehmen<\/a><\/li>\n\n\n\n<li><a href=\"#anker15\">Fahrrad als Gep\u00e4ck versenden<\/a><\/li>\n<\/ul>\n\n\n\n<p class=\"has-text-align-left\"><strong>Spezielle Regelungen f\u00fcr die Fahrradmitnahme in der Bahn<\/strong><\/p>\n\n\n\n<ul class=\"wp-block-list\">\n<li><a href=\"#anker16\">E-Bikes in der Bahn<\/a><\/li>\n\n\n\n<li><a href=\"#anker17\">S-Pedelec in der Bahn<\/a><\/li>\n\n\n\n<li><a href=\"#anker18\">Was heisst eigentlich \u00abFahrradmitnahme begrenzt m\u00f6glich\u00bb?<\/a><\/li>\n\n\n\n<li><a href=\"#anker19\">Tipps und Empfehlungen f\u00fcr Reisen mit Bahn und Rad<\/a><\/li>\n\n\n\n<li class=\"mb-5\"><a href=\"#anker20\">Weitere Informationen zur Mitnahme von Fahrr\u00e4dern in Z\u00fcgen<\/a><\/li>\n<\/ul>\n\n\n\n<h3 class=\"wp-block-heading mb-4\">ALLGEMEINE INFORMATIONEN ZUR FAHRRADMITNAHME IN DER BAHN<\/h3>\n\n\n\n<h5 class=\"wp-block-heading\" id=\"anker1\">Was gilt bei der Bahn als Fahrrad?<\/h5>\n\n\n\n<p>Bei der gro\u00dfen Zahl an Fahrradtypen und auch im Rahmen diverser\u202f<a href=\"https:\/\/www.diamantrad.com\/blog\/e-bike-trends\/\" target=\"_blank\" rel=\"noreferrer noopener\" aria-label=\"Opens external link in a new tab\">E-Bike-Trends<\/a>\u202fist zun\u00e4chst wichtig zu wissen, was die Deutsche Bahn (DB), die \u00d6sterreichische Bundesbahn (\u00d6BB) oder die Schweizerische Bundesbahn (SBB) \u00fcberhaupt als Fahrrad deklarieren. Hierbei hilft ein Blick in die offiziellen Bef\u00f6rderungsbedingungen der jeweiligen Verkehrsverbunde, die wir weiter unten verlinkt haben.<\/p>\n\n\n\n<ul class=\"wp-block-list\">\n<li>So ist die Mitnahme beschr\u00e4nkt auf Fahrr\u00e4der mit zwei R\u00e4dern und einem Sitz, die nicht- oder nur elektrohilfsmotorisiert sind.<\/li>\n<\/ul>\n\n\n\n<p>Zusammengeklappte Anh\u00e4nger sind ebenfalls erlaubt. (Bis max. 80 cm in der Schweiz) Pro Person darf allerdings nur ein Fahrrad transportiert werden. Bei ausreichendem Platz in besonderen Z\u00fcgen wie dem IC ist die Mitnahme von Lieger\u00e4dern (ohne Motor), Tandem- und Freir\u00e4dern ebenfalls erlaubt. E-Bikes d\u00fcrfen ebenfalls mitgenommen werden, sofern diese nicht schneller als 25 km\/h fahren und nicht zulassungspflichtig sind. Wichtig: Der Akku muss am E-Bike transportiert werden und darf aus Sicherheitsgr\u00fcnden nicht im Zug aufgeladen werden.<\/p>\n\n\n<div class=\"wp-block-image mb-5\">\n<figure class=\"aligncenter size-full\"><img data-dominant-color=\"747887\" data-has-transparency=\"false\" style=\"--dominant-color: #747887;\" loading=\"lazy\" decoding=\"async\" width=\"2560\" height=\"1707\" sizes=\"auto, (max-width: 2560px) 100vw, 2560px\" src=\"https:\/\/www.diamantrad.com\/wp-content\/uploads\/2018\/03\/Blog-Fahrradmitnahme-in-der-Bahn-Teil-1-Fahrradfahrer-im-Bahnhof-scaled.avif\" alt=\"Mann und Frau schieben ihr Fahrrad in der Bahnhofshalle\" class=\"wp-image-31855 not-transparent\" srcset=\"https:\/\/www.diamantrad.com\/wp-content\/uploads\/2018\/03\/Blog-Fahrradmitnahme-in-der-Bahn-Teil-1-Fahrradfahrer-im-Bahnhof-scaled.avif 2560w, https:\/\/www.diamantrad.com\/wp-content\/uploads\/2018\/03\/Blog-Fahrradmitnahme-in-der-Bahn-Teil-1-Fahrradfahrer-im-Bahnhof-300x200.avif 300w, https:\/\/www.diamantrad.com\/wp-content\/uploads\/2018\/03\/Blog-Fahrradmitnahme-in-der-Bahn-Teil-1-Fahrradfahrer-im-Bahnhof-1024x683.avif 1024w, https:\/\/www.diamantrad.com\/wp-content\/uploads\/2018\/03\/Blog-Fahrradmitnahme-in-der-Bahn-Teil-1-Fahrradfahrer-im-Bahnhof-768x512.avif 768w, https:\/\/www.diamantrad.com\/wp-content\/uploads\/2018\/03\/Blog-Fahrradmitnahme-in-der-Bahn-Teil-1-Fahrradfahrer-im-Bahnhof-1536x1024.avif 1536w, https:\/\/www.diamantrad.com\/wp-content\/uploads\/2018\/03\/Blog-Fahrradmitnahme-in-der-Bahn-Teil-1-Fahrradfahrer-im-Bahnhof-2048x1366.avif 2048w\" \/><\/figure>\n<\/div>\n\n\n<h4 class=\"wp-block-heading\" id=\"anker2\">Wie viel kostet die Fahrradmitnahme in der Bahn? In welchem Zug darf ich das Fahrrad mitnehmen?<\/h4>\n\n\n\n<h6 class=\"wp-block-heading\" id=\"anker3\">Fahrradmitnahme Deutschland:<\/h6>\n\n\n\n<p>Einfach mal so\u202f<a href=\"https:\/\/www.diamantrad.com\/blog\/mit-dem-rad-zur-arbeit\/\" target=\"_blank\" rel=\"noreferrer noopener\" aria-label=\"Opens external link in a new tab\">mit dem Rad zur Arbeit<\/a>? Klingt verlockend. Bei der Radmitnahme im Regionalverkehr gibt es je nach Region und Verkehrsverbund unterschiedliche Regelungen. So ben\u00f6tigst du teilweise \u00fcberhaupt kein eigenes Fahrradticket, w\u00e4hrend andere Bundesl\u00e4nder den Fahrradtransport zu bestimmten Zeiten, zum Beispiel im Berufsverkehr, sogar komplett verbieten. Grunds\u00e4tzlich findest du bei der DB alle wichtigen Informationen wie Preise oder Bef\u00f6rderungsbedingungen im Detail. F\u00fcr manche Strecken sind sogar m\u00f6gliche Kapazit\u00e4tsengp\u00e4sse aufgef\u00fchrt, sodass du deine Reise entsprechend planen kannst \u2013 gerade f\u00fcr die l\u00e4ngere Radreise in den Urlaub sind das wertvolle Tipps.<\/p>\n\n\n\n<p>Derzeit gibt es \u00dcberlegungen, die Fahrradmitnahme auch zusammen mit dem Deutschland-Ticket zu vereinfachen. F\u00fcr 49 Euro pro Monat kann man mit dem Deutschland-Ticket in Deutschland den \u00f6ffentlichen Nahverkehr nutzen \u2013 unabh\u00e4ngig von Bundesland, Verkehrsverbund und Tarifgebiet. Die Regelungen bez\u00fcglich der Fahrradmitnahme sind aber uneinheitlich: Unter bestimmten Bedingungen ist es mit dem 49-Euro-Ticket m\u00f6glich, ein Fahrrad kostenfrei mitzuf\u00fchren, w\u00e4hrend in anderen F\u00e4llen der Kauf eines zus\u00e4tzlichen Tickets erforderlich ist. Aus diesem Grund fordern die Bundesl\u00e4nder und Bundestagsabgeordneten auf, eine einheitliche Regel f\u00fcr die Fahrradmitnahme zu schaffen.<\/p>\n\n\n\n<p><strong>Nahverkehr:<\/strong>&nbsp;Um das\u202f<a href=\"https:\/\/www.diamantrad.com\/radfahren-in-der-stadt\/\" target=\"_blank\" rel=\"noreferrer noopener\" aria-label=\"Opens external link in a new tab\">Radfahren in der Stadt<\/a>\u202feinfach mit dem \u00f6ffentlichen Nahverkehr zu verbinden, haben wir dir hier f\u00fcr Deutschland die wichtigsten Informationen f\u00fcr jedes Bundeslands aufgelistet. (Stand Januar 2024)<\/p>\n\n\n\n<p><strong>Baden-W\u00fcrttemberg<\/strong><\/p>\n\n\n\n<ul class=\"wp-block-list\">\n<li>Von Montag bis Freitag vor 6 und nach 9 Uhr ist die Fahrradmitnahme in der Regel kostenlos. Werktags zwischen 6 und 9 Uhr muss im bwtarif das Ticket bwFAHRRAD gel\u00f6st werden Regionale Verkehrsverb\u00fcnde haben unterschiedliche Preise und Bef\u00f6rderungsregelungen, die du ebenfalls unter dem unten angegebenem Link findest.<\/li>\n\n\n\n<li>Sto\u00dfzeiten wie den Berufsverkehr oder andere Hauptverkehrszeiten sind wenn m\u00f6glich zu vermeiden.<\/li>\n<\/ul>\n\n\n\n<p><strong>Bayern<\/strong><\/p>\n\n\n\n<ul class=\"wp-block-list\">\n<li>Die Fahrradkarte-Tageskarte Bayern gilt einen Tag bis 3 Uhr des Folgetages und kostet 6 Euro pro Rad. Diese Tageskarte ist in allen Z\u00fcgen des Nahverkehrs sowie in den U- und S-Bahnen im M\u00fcnchner Verkehrsverbund (MVV) sowie allen Verbundverkehrsmitteln im Verkehrsverbund Grossraum N\u00fcrnberg (VGN) g\u00fcltig.<\/li>\n\n\n\n<li>Auf einzelnen Streckenabschnitten und an bestimmten Tagen und Zeiten ist die Mitnahme kostenlos.<\/li>\n<\/ul>\n\n\n\n<p><strong>Berlin und Brandenburg<\/strong><\/p>\n\n\n\n<ul class=\"wp-block-list\">\n<li>Im Verkehrsverbund Berlin-Brandenburg ben\u00f6tigst du eine \u201eFahrradtageskarte Nahverkehr bundesweit\u201c (aktueller Preis 6 Euro). Sie gilt einen ganzen Tag und auch in Verbindung mit anderen Tickets.<\/li>\n\n\n\n<li>F\u00fcr Verkehrsmittel des Verkehrsunternehmens VBB ist ein Einzelfahrausweis Fahrrad f\u00fcr 3,60 Euro, bspw. die Tageskarte Fahrrad f\u00fcr 6 Euro (g\u00fcltig im VBB-Gesamtnetz) vonn\u00f6ten. Lediglich SPNV-Unternehmen akzeptieren die Fahrradtickets der Deutschen Bahn.<\/li>\n<\/ul>\n\n\n\n<p><strong>Bremen und Niedersachsen<\/strong><\/p>\n\n\n\n<ul class=\"wp-block-list\">\n<li>Im Niedersachsentarif kostet eine Fahrradtageskarte 6 Euro und ist bis 3 Uhr des Folgetages g\u00fcltig.<\/li>\n\n\n\n<li>Die Fahrradmitnahme in den regionalen Verkehrsverb\u00fcnden (GVH, VBN, VRB, VSN, HVV) ist unterschiedlich geregelt: teilweise ist das Rad ganzt\u00e4gig kostenfrei, zu Sto\u00dfzeiten ist der Transport \u00fcberhaupt nicht gestattet.<\/li>\n<\/ul>\n\n\n\n<p><strong>Hamburg und Schleswig-Holstein<\/strong><\/p>\n\n\n\n<ul class=\"wp-block-list\">\n<li>Eine Fahrradtageskarte gilt im sogenannten Schleswig-Holstein-Tarif und kostet 4,60 Euro. Mit dieser Tageskarte kannst du dein Rad auf der gew\u00e4hlten Strecke beliebig h\u00e4ufig mitnehmen.<\/li>\n\n\n\n<li>Bist du mit dem Schleswig-Holstein-Ticket (g\u00fcltig in SW, HH und MV) unterwegs, kostet eine Fahrradkarte f\u00fcr den Nahverkehr 5,50 Euro.<\/li>\n\n\n\n<li>In Hamburg ist f\u00fcr Regionalz\u00fcge eine HVV-Fahrradkarte zum Preis von 3,50 Euro erforderlich.<\/li>\n\n\n\n<li>In S-, U-, und A-Bahnen ist die Mitnahme des Fahrrads kostenlos, allerdings gibt es Sperrzeiten (Montag bis Freitag zwischen 6 und 9 Uhr und 16 bis 18 Uhr)<\/li>\n<\/ul>\n\n\n\n<p><strong>Hessen<\/strong><\/p>\n\n\n\n<ul class=\"wp-block-list\">\n<li>Die unterschiedlichen Verkehrsverb\u00fcnde (RMV, NVV, RNN, VRT, VRN) haben unterschiedliche Bestimmungen bzw. Preise sowie Sperrzeiten.<\/li>\n\n\n\n<li>Innerhalb Hessens ist die Fahrradmitnahme in den Nahverkehrsz\u00fcgen in Verbindung mit einer Verbundkarte des RMV oder NVV kostenfrei.<\/li>\n\n\n\n<li>Auch mit dem Hessenticket kannst du dein Fahrrad kostenlos mitnehmen.<\/li>\n<\/ul>\n\n\n\n<p><strong>Mecklenburg-Vorpommern<\/strong><\/p>\n\n\n\n<ul class=\"wp-block-list\">\n<li>Eine Fahrtkarte f\u00fcr den Nahverkehr kostet 6,50 Euro pro Rad und Tag. Es erm\u00f6glicht beliebig viele Fahrten in Regional- und S-Bahnen.<\/li>\n\n\n\n<li>Die Verkehrsverb\u00fcnde (VVW und UBB) haben eigene Regelungen und Bestimmungen, bitte informiere dich entsprechend.<\/li>\n<\/ul>\n\n\n\n<p><strong>Nordrhein-Westfalen<\/strong><\/p>\n\n\n\n<ul class=\"wp-block-list\">\n<li>Das Fahrrad Ticket NRW (5.55 Euro pro Tag und Fahrrad) gilt in allen Verkehrsverb\u00fcnden, die einen Verbund- und Gemeinschaftstarif verwenden.<\/li>\n\n\n\n<li>In den einzelnen Verb\u00fcnden (VRR, VRS, AVV, VPH, VRL, VGM, OWL) gelten eigene Mitnahmeregelungen.<\/li>\n<\/ul>\n\n\n\n<p><strong>Rheinland-Pfalz und Saarland<\/strong><\/p>\n\n\n\n<ul class=\"wp-block-list\">\n<li>In Rheinland-Pfalz und dem Saarland darfst du dein Fahrrad werktags ab 09 Uhr:00, sams-, sonn- und feiertags ganzt\u00e4gig kostenlos mitnehmen. Werktags vor 09 Uhr:00 gelten die normalen Preise einer Fahrradkarte der Deutschen Bahn.<\/li>\n\n\n\n<li>\u00dcber Sperrzeiten und Regelungen der einzelnen Verkehrsverb\u00fcnde (VRT, VRM, VRN) informiert das jeweilige Unternehmen auf ihrer Webseite.<\/li>\n<\/ul>\n\n\n\n<p><strong>Sachsen<\/strong><\/p>\n\n\n\n<ul class=\"wp-block-list\">\n<li>Die regul\u00e4re Fahrradkarte des Nahverkehrs (65,50 Euro) gilt f\u00fcr Regionalexpress, -bahn und S-Bahn.<\/li>\n\n\n\n<li>EgroNet-Ticketinhaber nehmen ihr Fahrrad kostenlos mit. Im MDV und dem Verkehrsverbund Vogtland ist die Mitnahme kostenlos, wenn sie eine Verbundfahrkarte haben oder sich innerhalb des mitteldeutschen Verkehrsverbundes befinden. Im VVO nimmst du dein Rad bei einer Verbundzeitkarte ebenfalls kostenlos mit.<\/li>\n\n\n\n<li>Der MDV, VMS, VVO, der ZVON sowie der Verkehrsverbund Vogtland informieren entsprechend \u00fcber die verbundspezifischen Bestimmungen.<\/li>\n<\/ul>\n\n\n\n<p><strong>Sachsen-Anhalt<\/strong><\/p>\n\n\n\n<ul class=\"wp-block-list\">\n<li>In Sachsen-Anhalt nimmst du das Fahrrad kostenlos im Rahmen der vorhandenen Kapazit\u00e4ten mit.<\/li>\n\n\n\n<li>In den Verkehrsverb\u00fcnden gelten mitunter andere Bestimmungen bzw. Sperrzeiten. Informationen dazu findest du auf den Webseiten des marego, des MDV, VRB, VBB sowie des VMT.<\/li>\n<\/ul>\n\n\n\n<p><strong>Th\u00fcringen<\/strong><\/p>\n\n\n\n<ul class=\"wp-block-list\">\n<li>Im Rahmen der vorhandenen Kapazit\u00e4ten ist die Fahrradmitnahme im Regionalverkehr generell kostenlos. In den Verkehrsverb\u00fcnden (VMT, MDV) gelten eventuell andere Bestimmungen.<\/li>\n<\/ul>\n\n\n\n<div class=\"wp-block-group\"><div class=\"wp-block-group__inner-container is-layout-constrained wp-block-group-is-layout-constrained\">\n<p>Wie sicher du mit deinem Fahrrad unterwegs bist, h\u00e4ngt auch von der gebotenen Fahrradinfrastruktur und st\u00e4dtischen Verkehrsplanung ab. Die&nbsp;<a href=\"https:\/\/www.diamantrad.com\/blog\/copenhagenize-index-fahrradfreundliche-staedte\/\" target=\"_blank\" rel=\"noreferrer noopener\" aria-label=\"Opens external link in a new tab\">fahrradfreundlichsten St\u00e4dte weltweit<\/a>&nbsp;machen es vor. Im Diamantrad-Blog erf\u00e4hrst du mehr dar\u00fcber, wie der Copenhagenize Index alle zwei Jahre Gro\u00dfst\u00e4dte nach ihrer Fahrradfreundlichkeit bewertet.<\/p>\n<\/div><\/div>\n\n\n\n<h6 class=\"wp-block-heading\" id=\"anker4\">Fahrradmitnahme \u00d6sterreich:<\/h6>\n\n\n\n<p>In den \u00d6BB Z\u00fcgen gibt es eine Reihe an M\u00f6glichkeiten, das Fahrrad mitzunehmen. Es gibt unter anderem Wochen- oder Monatskarten, die man f\u00fcr das Fahrrad kaufen kann. Die Preise der Fahrradmitnahme h\u00e4ngen in \u00d6sterreich davon ab, wann und wo du das Ticket kaufst. Je fr\u00fcher, desto billiger. Online \u00fcber shop.oebbtickets.at und \u00fcber die \u00d6BB App ist ein Ticket g\u00fcnstiger als beim Automaten, am Ticketschalter oder im Zug selbst.<\/p>\n\n\n\n<p><strong>Nahverkehr:<\/strong>&nbsp;Im Nahverkehr (Cityjet Xpress, Regionalzug, Regionalexpress und S-Bahn) kann das Fahrrad ebenfalls transportiert werden, sofert es gen\u00fcgend freie Stellpl\u00e4tze gibt. In diesen Z\u00fcgen kann kein Platz f\u00fcr das Fahrrad reserviert werden.<\/p>\n\n\n\n<p><strong>Tipp f\u00fcr die alternative Fahrradbef\u00f6rderung:<\/strong>&nbsp;Wenn du dein Fahrrad in \u00d6sterreich auf ein Maximalmass von 90cm breit x 60 cm hoch x 40 cm tief zusammenfalten kannst, darfst du es kostenfrei und ohne Reservierung mitf\u00fchren. In allen Z\u00fcgen des Nah- und Regionalverkehrs sowie in den \u00d6BB-Railjet-Z\u00fcgen, welche gekennzeichnet sind, d\u00fcrfen zusammengelegte Fahrr\u00e4der sogar mit der Maximalgr\u00f6sse von 110 cm breit x 80 cm hoch x40 cm tief kostenfrei mitgenommen werden.<\/p>\n\n\n\n<h6 class=\"wp-block-heading\" id=\"anker5\">Velotransport Schweiz:<\/h6>\n\n\n\n<p>Auch in den Schweizer Z\u00fcgen ist der Velotransport m\u00f6glich. Damit du eine geeignete Verbindung findest, kannst du im Online-Fahrplan der SBB unter \u201cErweiterte Suche\u201d die Option \u201cVelomitnahme (nur in der Schweiz)\u201d ausw\u00e4hlen. Damit werden dir nur Verbindungen angzeigt, bei welchen der Velotransport m\u00f6glich ist. Einige dieser Verbindungen sind reservierungspflichtig. Die SBB bieten unter anderem eine Velo-Tageskarte f\u00fcr CHF 14.00, ein Velo-Streckenbillett f\u00fcr k\u00fcrzere Fahrten (Preis variiert) oder den Velo-Pass f\u00fcr CHF 260.00 an. Der Velo-Pass ist unbeschr\u00e4nkt w\u00e4hrend 12 Monaten g\u00fcltig. Es gibt aber auch eine Velo-Multi-Tageskarte f\u00fcr CHF 90.00 bei der man an sechs frei w\u00e4hlbaren Tagen das Velo im \u00f6V mitf\u00fchren kann.<\/p>\n\n\n\n<p><strong>Regionalverkehr:<\/strong>&nbsp;Auch in den S-Bahnen ist die Velobef\u00f6rderung m\u00f6glich. Die Doppelstocktriebz\u00fcge und Regio-Dosto der SBB, die Gelenktriebwagen der Thurbo AG und die FLIRT-Z\u00fcge der SOB verf\u00fcgen \u00fcber spezielle Veloabstellpl\u00e4tze. Beachte daf\u00fcr das Velo-Symbol an den Z\u00fcgen. Auch auf den Bussen der Postauto AG k\u00f6nnen Velos mittransportiert werden. Speziell in der Sommersaison (Mai bis Oktober) verkehren in touristischen Gebieten die Postautos mit Velohecktr\u00e4gern.<\/p>\n\n\n\n<p><strong>Tipp f\u00fcr den alternativen Velotransport:<\/strong>&nbsp;Wenn du das Vorderrad abmontierst und dein Fahrrad in einer Velotasche verstaust, kannst du dein Bike in der Schweiz kostenfrei transportieren, sofern im Zug, Bus oder Tram gen\u00fcgend Platz vorhanden ist. Auch Faltvelos werden gratis transportiert, selbst wenn sie nicht verpackt sind.<\/p>\n\n\n<div class=\"wp-block-image\">\n<figure class=\"aligncenter size-full\"><img data-dominant-color=\"837a85\" data-has-transparency=\"false\" style=\"--dominant-color: #837a85;\" loading=\"lazy\" decoding=\"async\" width=\"2560\" height=\"1707\" sizes=\"auto, (max-width: 2560px) 100vw, 2560px\" src=\"https:\/\/www.diamantrad.com\/wp-content\/uploads\/2018\/03\/Blog-Fahrradmitnahme-in-der-Bahn-Teil-1-Tasche-packen.png-scaled.avif\" alt=\"Frau am Bahnsteig packt ihre Gep\u00e4cktasche, welche am Fahrrad h\u00e4ngt\" class=\"wp-image-31859 not-transparent\" srcset=\"https:\/\/www.diamantrad.com\/wp-content\/uploads\/2018\/03\/Blog-Fahrradmitnahme-in-der-Bahn-Teil-1-Tasche-packen.png-scaled.avif 2560w, https:\/\/www.diamantrad.com\/wp-content\/uploads\/2018\/03\/Blog-Fahrradmitnahme-in-der-Bahn-Teil-1-Tasche-packen.png-300x200.avif 300w, https:\/\/www.diamantrad.com\/wp-content\/uploads\/2018\/03\/Blog-Fahrradmitnahme-in-der-Bahn-Teil-1-Tasche-packen.png-1024x683.avif 1024w, https:\/\/www.diamantrad.com\/wp-content\/uploads\/2018\/03\/Blog-Fahrradmitnahme-in-der-Bahn-Teil-1-Tasche-packen.png-768x512.avif 768w, https:\/\/www.diamantrad.com\/wp-content\/uploads\/2018\/03\/Blog-Fahrradmitnahme-in-der-Bahn-Teil-1-Tasche-packen.png-1536x1024.avif 1536w, https:\/\/www.diamantrad.com\/wp-content\/uploads\/2018\/03\/Blog-Fahrradmitnahme-in-der-Bahn-Teil-1-Tasche-packen.png-2048x1366.avif 2048w\" \/><\/figure>\n<\/div>\n\n\n<h5 class=\"wp-block-heading\" id=\"anker6\">Kann ich mein Fahrrad in der S- oder U-Bahn mitnehmen?<\/h5>\n\n\n\n<p class=\"mb-5\">Die Regelung f\u00fcr die Radmitnahme in S-, Stra\u00dfen- oder U-Bahnen sind nicht pauschal geregelt, sondern variieren je nach Stadt bzw. Verkehrsverbund. Informiere dich daher vor deiner Fahrt entsprechend \u2013 ein erster Anhaltspunkt ist unsere \u00dcbersicht weiter oben. Bei vielen Ticketabos f\u00fcr Pendler, Studenten o.\u00e4. ist eine Fahrradmitnahme direkt inkludiert.<\/p>\n\n\n\n<h3 class=\"wp-block-heading\">L\u00c4NDERSPEZIFISCHE REGELUNGEN ZUR FAHRRAD MITNAHME IN DER BAHN<\/h3>\n\n\n\n<h5 class=\"wp-block-heading\" id=\"anker7\">Fahrr\u00e4der in Fernverkehrsz\u00fcgen (IC und EC: Reservierungspflichtige Fahrradmitnahme<\/h5>\n\n\n\n<p>F\u00fcr die Radmitnahme in Fernz\u00fcgen wie dem IC (Intercity) oder EC (Eurocity \u2013 siehe dazu auch den n\u00e4chsten Abschnitt) musst du neben deiner Fahrradkarte einen Stellplatz kostenpflichtig reservieren, und zwar mindestens einen Tag vor der eigentlichen Fahrt. Der Transport findet entweder stehend oder h\u00e4ngend statt, je nach Zug und den verf\u00fcgbaren Fahrradabstellpl\u00e4tzen. Solltest du mit besonderen Fahrr\u00e4dern wie einem Tandem oder einem Liegerad unterwegs sein, ist eine Reservierung spezieller Stellpl\u00e4tze vonn\u00f6ten. Um zu sehen, in welchen Z\u00fcgen eine Fahrradmitnahme m\u00f6glich ist, kannst du beispielsweise in der DB Navigator App unter Optionen \u00abFahrradmitnahme m\u00f6glich\u00bb anklicken. Das funktioniert auch in der \u00d6BB App und auf SBB Mobile. Damit kannst du auch die Fahrradkarte und die Stellplatzreservierung f\u00fcr den Fernverkehr bequem mit deinem digitalen Ticket buchen. Das funktioniert auch f\u00fcr Gruppen von bis zu 5 Personen.<\/p>\n\n\n\n<p><strong>Hinweis f\u00fcr Deutschland:<\/strong>&nbsp;Bei den Tarifen f\u00fcr die Mitnahme im Fernverkehr sparen BahnCard-Inhaber: Im Inland kostet die Fahrradmitnahme dann 6 Euro, ohne BahnCard 9 Euro. Radurlauber, die eine Fahrt ins Ausland einplanen, m\u00fcssen 10 Euro einkalkulieren.<\/p>\n\n\n<div class=\"wp-block-image\">\n<figure class=\"aligncenter size-full\"><img data-dominant-color=\"907e82\" data-has-transparency=\"false\" style=\"--dominant-color: #907e82;\" loading=\"lazy\" decoding=\"async\" width=\"2560\" height=\"1707\" sizes=\"auto, (max-width: 2560px) 100vw, 2560px\" src=\"https:\/\/www.diamantrad.com\/wp-content\/uploads\/2018\/03\/Blog-Fahrradmitnahme-in-der-Bahn-Teil-2-Bahnsteig.png-scaled.avif\" alt=\"Frau auf dem Bahnsteig schiebt ihr Fahrrad am Zug entlang\" class=\"wp-image-31851 not-transparent\" srcset=\"https:\/\/www.diamantrad.com\/wp-content\/uploads\/2018\/03\/Blog-Fahrradmitnahme-in-der-Bahn-Teil-2-Bahnsteig.png-scaled.avif 2560w, https:\/\/www.diamantrad.com\/wp-content\/uploads\/2018\/03\/Blog-Fahrradmitnahme-in-der-Bahn-Teil-2-Bahnsteig.png-300x200.avif 300w, https:\/\/www.diamantrad.com\/wp-content\/uploads\/2018\/03\/Blog-Fahrradmitnahme-in-der-Bahn-Teil-2-Bahnsteig.png-1024x683.avif 1024w, https:\/\/www.diamantrad.com\/wp-content\/uploads\/2018\/03\/Blog-Fahrradmitnahme-in-der-Bahn-Teil-2-Bahnsteig.png-768x512.avif 768w, https:\/\/www.diamantrad.com\/wp-content\/uploads\/2018\/03\/Blog-Fahrradmitnahme-in-der-Bahn-Teil-2-Bahnsteig.png-1536x1024.avif 1536w, https:\/\/www.diamantrad.com\/wp-content\/uploads\/2018\/03\/Blog-Fahrradmitnahme-in-der-Bahn-Teil-2-Bahnsteig.png-2048x1366.avif 2048w\" \/><\/figure>\n<\/div>\n\n\n<h5 class=\"wp-block-heading\" id=\"anker8\">Kann ich mein Fahrrad im ICE mitnehmen?<\/h5>\n\n\n\n<p>Die Fahrradmitnahme ist mittlerweile auch auf ausgew\u00e4hlten Verbindungen im ICE m\u00f6glich. Beispielsweise im ICE 4 gibt es 8 Abstellpl\u00e4tze f\u00fcr Fahrr\u00e4der. Wie auch beim IC und EC ist eine vorherige Reservierung notwendig \u2013 die Preise sind die gleichen.<\/p>\n\n\n\n<h5 class=\"wp-block-heading\" id=\"anker9\">Die Mitnahme von Fahrr\u00e4dern in internationalen Z\u00fcgen<\/h5>\n\n\n\n<p>Auf\u202fDiamant&nbsp;<a href=\"https:\/\/www.diamantrad.com\/bikes\/trekkingraeder\/\" target=\"_blank\" rel=\"noreferrer noopener\" aria-label=\"Opens external link in a new tab\">Trekking\u00ae-R\u00e4dern<\/a>\u202fquer durch Europa? In jedem Fall ben\u00f6tigst du eine internationale Fahrradkarte, die grenz\u00fcberschreitend g\u00fcltig ist. Dabei gibt es f\u00fcr die Eurocity-Z\u00fcge keine einheitliche Regelung: Sie richten sich nach den Bestimmungen des jeweiligen Landes. Im Regionalverkehr kann es wom\u00f6glich auch zu Nutzungseinschr\u00e4nkungen kommen. Vor der Reise mit Bahn und Rad empfehlen wir deshalb, dich genau zu informieren.<\/p>\n\n\n\n<h6 class=\"wp-block-heading\" id=\"anker10\">Momentan ist der Fahrradtransport in folgenden europ\u00e4ischen L\u00e4ndern m\u00f6glich:<\/h6>\n\n\n\n<ul class=\"wp-block-list\">\n<li><a href=\"https:\/\/www.bahn.de\/service\/ueber-uns\/inside-bahn\/tipps-tricks\/checkliste-fahrradmitnahme-bahn\" target=\"_blank\" rel=\"noreferrer noopener\" aria-label=\"Opens external link in a new tab\">Deutschland \u2013 erfahre mehr<\/a><\/li>\n\n\n\n<li><a href=\"https:\/\/www.oebb.at\/de\/reiseplanung-services\/im-zug\/fahrradmitnahme\" target=\"_blank\" rel=\"noreferrer noopener\" aria-label=\"Opens external link in a new tab\">\u00d6sterreich \u2013 erfahre mehr<\/a><\/li>\n\n\n\n<li><a href=\"https:\/\/www.sbb.ch\/de\/reiseinformationen\/individuelle-beduerfnisse\/reisen-mit-velos\/so-reist-ihr-velo-mit-ihnen.html\" target=\"_blank\" rel=\"noreferrer noopener\" aria-label=\"Opens external link in a new tab\">Schweiz \u2013 erfahre mehr<\/a><\/li>\n\n\n\n<li><a href=\"https:\/\/www.sbb.ch\/de\/reiseinformationen\/individuelle-beduerfnisse\/reisen-mit-velos\/so-reist-ihr-velo-mit-ihnen.html\" target=\"_blank\" rel=\"noreferrer noopener\" aria-label=\"Opens external link in a new tab\">Frankreich \u2013 erfahre mehr<\/a><\/li>\n\n\n\n<li><a href=\"https:\/\/www.trenitalia.com\/it\/servizi\/a-bordo\/bici-al-seguito.html\" target=\"_blank\" rel=\"noreferrer noopener\" aria-label=\"Opens external link in a new tab\">Italien \u2013 erfahre mehr<\/a><\/li>\n\n\n\n<li><a href=\"https:\/\/www.belgiantrain.be\/de\/tickets-and-railcards\/bike-ticket\" target=\"_blank\" rel=\"noreferrer noopener\" aria-label=\"Opens external link in a new tab\">Belgien \u2013 erfahre mehr<\/a><\/li>\n\n\n\n<li><a href=\"https:\/\/www.dsb.dk\/find-produkter-og-services\/cykel-pladsbillet\/\" target=\"_blank\" rel=\"noreferrer noopener\" aria-label=\"Opens external link in a new tab\">D\u00e4nemark \u2013 erfahre mehr<\/a>&nbsp;(<a href=\"https:\/\/www.diamantrad.com\/blog\/fahrradstadt-kopenhagen\/\" target=\"_blank\" rel=\"noreferrer noopener\" aria-label=\"Opens external link in a new tab\">Fahrradstadt Kopenhagen<\/a>)<\/li>\n\n\n\n<li><a href=\"https:\/\/www.hzpp.hr\/prijevoz-bicikala\" target=\"_blank\" rel=\"noreferrer noopener\" aria-label=\"Opens external link in a new tab\">Kroatien \u2013 e<\/a><a href=\"https:\/\/www.hzpp.hr\/prijevoz-bicikala\" target=\"_blank\" rel=\"noreferrer noopener\" aria-label=\"Opens external link in a new tab\">rfahre mehr<\/a><\/li>\n\n\n\n<li><a href=\"https:\/\/www.cfl.lu\/de-de\/customerservices\/detail\/services-a-bord-du-train?tab=Velos\" target=\"_blank\" rel=\"noreferrer noopener\" aria-label=\"Opens external link in a new tab\">Luxemburg \u2013 erfahre mehr<\/a><\/li>\n\n\n\n<li><a href=\"https:\/\/www.ns.nl\/en\/travel-information\/bikes-on-the-train.html\" target=\"_blank\" rel=\"noreferrer noopener\" aria-label=\"Opens external link in a new tab\">Niederlande \u2013 erfahre mehr<\/a><\/li>\n\n\n\n<li><a href=\"https:\/\/www.vy.no\/en\/travelling-with-us\/on-board-the-train\/bikes-on-trains\" target=\"_blank\" rel=\"noreferrer noopener\" aria-label=\"Opens external link in a new tab\">Norwegen \u2013 erfahre mehr<\/a><\/li>\n\n\n\n<li><a href=\"https:\/\/www.intercity.pl\/de\/site\/fur-fahrgast\/uslugide\/przewoz-rowerow-rzeczy-i-zwierzat\/beforderung-von-fahrradern\/\" target=\"_blank\" rel=\"noreferrer noopener\" aria-label=\"Opens external link in a new tab\">Polen \u2013 erfahre mehr<\/a><\/li>\n\n\n\n<li><a href=\"https:\/\/www.sj.se\/sv\/reseinfo\/bagageregler.html\" target=\"_blank\" rel=\"noreferrer noopener\" aria-label=\"Opens external link in a new tab\">Schweden \u2013 erfahre mehr<\/a><\/li>\n\n\n\n<li><a href=\"https:\/\/www.srbvoz.rs\/en\/carriage-of-bicycles\/\" target=\"_blank\" rel=\"noreferrer noopener\" aria-label=\"Opens external link in a new tab\">Serbien \u2013 erfahre mehr<\/a><\/li>\n\n\n\n<li><a href=\"https:\/\/www.zssk.sk\/en\/services\/services-onboard-trains\/bicycles\/\" target=\"_blank\" rel=\"noreferrer noopener\" aria-label=\"Opens external link in a new tab\">Slowakei \u2013 erfahre mehr<\/a><\/li>\n\n\n\n<li><a href=\"https:\/\/www.srbvoz.rs\/en\/carriage-of-bicycles\/\" target=\"_blank\" rel=\"noreferrer noopener\" aria-label=\"Opens external link in a new tab\">Slowenien \u2013 erfahre mehr<\/a><\/li>\n\n\n\n<li><a href=\"https:\/\/www.renfe.com\/es\/en\/viajar\/informacion-util\/equipajes\/bicicletas-y-patines\" target=\"_blank\" rel=\"noreferrer noopener\" aria-label=\"Opens external link in a new tab\">Spanien \u2013 erfahre mehr<\/a><\/li>\n\n\n\n<li><a href=\"https:\/\/www.cd.cz\/en\/dalsi-sluzby\/psi-kola-a-jina-zavazadla\/-27973\/\" target=\"_blank\" rel=\"noreferrer noopener\" aria-label=\"Opens external link in a new tab\">Tschechien \u2013 erfahre mehr<\/a><\/li>\n\n\n\n<li><a href=\"https:\/\/www.cd.cz\/en\/dalsi-sluzby\/psi-kola-a-jina-zavazadla\/-27973\/\" target=\"_blank\" rel=\"noreferrer noopener\" aria-label=\"Opens external link in a new tab\">Ungarn \u2013 erfahre mehr<\/a><\/li>\n<\/ul>\n\n\n\n<p>Die Buchung ist online nicht m\u00f6glich, sondern nur \u00fcber die Rad-Hotline der Bahn (s. unten) sowie in den Verkaufsstellen der Deutschen Bahn. Radurlauber in Gruppen m\u00fcssen sich bei Nicht-DB-Bahnen selbst anmelden, eine Pflicht dazu gibt es allerdings nicht.<\/p>\n\n\n\n<p><strong>Europareise muss nicht sein?<\/strong><\/p>\n\n\n\n<p>Das waren die zehn beliebtesten Radfernwege in Deutschland 2022:<\/p>\n\n\n\n<ul class=\"wp-block-list\">\n<li>Weser-Radweg<\/li>\n\n\n\n<li>Elberradweg<\/li>\n\n\n\n<li>Ostseek\u00fcstenradweg<\/li>\n\n\n\n<li>Donauradweg<\/li>\n\n\n\n<li>Mainradweg<\/li>\n\n\n\n<li>Ruhrtal Radweg<\/li>\n\n\n\n<li>Mosel-Radweg<\/li>\n\n\n\n<li>Rheinradweg<\/li>\n\n\n\n<li>Bodensee-K\u00f6nigssee Radweg<\/li>\n\n\n\n<li>Bodensee-Radweg<\/li>\n<\/ul>\n\n\n<div class=\"wp-block-image mb-5\">\n<figure class=\"aligncenter size-full\"><img data-dominant-color=\"9c7891\" data-has-transparency=\"false\" style=\"--dominant-color: #9c7891;\" loading=\"lazy\" decoding=\"async\" width=\"2560\" height=\"1707\" sizes=\"auto, (max-width: 2560px) 100vw, 2560px\" src=\"https:\/\/www.diamantrad.com\/wp-content\/uploads\/2018\/03\/Blog-Fahrradmitnahme-in-der-Bahn-Teil-1-Mit-Fahrrad-zum-Bahnhof-scaled.avif\" alt=\"Zwei Radfahrer fahren an roten H\u00fctten vorbei zum Bahnhof\" class=\"wp-image-31864 not-transparent\" srcset=\"https:\/\/www.diamantrad.com\/wp-content\/uploads\/2018\/03\/Blog-Fahrradmitnahme-in-der-Bahn-Teil-1-Mit-Fahrrad-zum-Bahnhof-scaled.avif 2560w, https:\/\/www.diamantrad.com\/wp-content\/uploads\/2018\/03\/Blog-Fahrradmitnahme-in-der-Bahn-Teil-1-Mit-Fahrrad-zum-Bahnhof-300x200.avif 300w, https:\/\/www.diamantrad.com\/wp-content\/uploads\/2018\/03\/Blog-Fahrradmitnahme-in-der-Bahn-Teil-1-Mit-Fahrrad-zum-Bahnhof-1024x683.avif 1024w, https:\/\/www.diamantrad.com\/wp-content\/uploads\/2018\/03\/Blog-Fahrradmitnahme-in-der-Bahn-Teil-1-Mit-Fahrrad-zum-Bahnhof-768x512.avif 768w, https:\/\/www.diamantrad.com\/wp-content\/uploads\/2018\/03\/Blog-Fahrradmitnahme-in-der-Bahn-Teil-1-Mit-Fahrrad-zum-Bahnhof-1536x1024.avif 1536w, https:\/\/www.diamantrad.com\/wp-content\/uploads\/2018\/03\/Blog-Fahrradmitnahme-in-der-Bahn-Teil-1-Mit-Fahrrad-zum-Bahnhof-2048x1366.avif 2048w\" \/><\/figure>\n<\/div>\n\n\n<h3 class=\"wp-block-heading\">BUCHUNG VON FAHRRADTICKETS F\u00dcR DIE BAHN UND VERSANDM\u00d6GLICHKEITEN<\/h3>\n\n\n\n<h5 class=\"wp-block-heading\" id=\"anker11\">Wo kann ich ein Fahrradticket f\u00fcr die Bahn buchen?<\/h5>\n\n\n\n<p>Es gibt verschiedene M\u00f6glichkeiten in Deutschland, \u00d6sterreich und der Schweiz ein Fahrradticket f\u00fcr die Bahn zu buchen:<\/p>\n\n\n\n<ul class=\"wp-block-list\">\n<li>Im Rahmen der Online-Buchung eines normalen Tickets<\/li>\n\n\n\n<li>\u00dcber die DB Navigator App, die \u00d6BB App oder SBB Mobile<\/li>\n\n\n\n<li>\u00dcber die unten angegebenen Radfahrer-Hotlines<\/li>\n\n\n\n<li>In den \u00f6rtlichen Reisezentren bzw. Agenturen<\/li>\n<\/ul>\n\n\n\n<p>Ein Verkauf von Fahrradtickets im Zug findet nicht statt, es sei denn, es gab keine M\u00f6glichkeit zum Erwerb am Startbahnhof.<\/p>\n\n\n\n<h5 class=\"wp-block-heading\" id=\"anker12\">Alle Fahrradstellpl\u00e4tze in der Bahn reserviert \u2013 und jetzt?<\/h5>\n\n\n\n<p>Gerade zu Sto\u00dfzeiten wie in den Sommerferien ist der Fahrradtransport in der Bahn nicht so einfach, wenn alle Stellpl\u00e4tze schon reserviert sind. Die Radreise musst du dann nat\u00fcrlich nicht absagen, sondern wir empfehlen dir, dich nach alternativen Z\u00fcgen umzusehen.<\/p>\n\n\n\n<p>So gibt es zum Beispiel gerade in der Sommerzeit zus\u00e4tzliche ICs bzw. ECs. Diese fahren nicht immer regelm\u00e4\u00dfig, sodass man bei der Planung flexibler sein muss, bieten aber weitere M\u00f6glichkeiten. Eine andere Option sind Regionalexpress-Z\u00fcge, und zwar aus folgenden Gr\u00fcnden:<\/p>\n\n\n\n<ul class=\"wp-block-list\">\n<li>Je nach Verbindung ist ein RE \u00e4hnlich schnell wie ein IC\/EC<\/li>\n\n\n\n<li>Der Fahrradtransport ist g\u00fcnstiger<\/li>\n\n\n\n<li>Die Fahrradmitnahme ist nicht reservierungspflichtig<\/li>\n<\/ul>\n\n\n\n<p>Allerdings sollten gerade gr\u00f6\u00dfere Gruppen bedenken: Die Mitnahme ist im Regionalexpress nicht garantiert.<\/p>\n\n\n\n<h5 class=\"wp-block-heading\" id=\"anker13\">Fahrradmitnahme in Z\u00fcgen f\u00fcr Gruppen<\/h5>\n\n\n\n<p>Reist du mit Bahn und Rad in einer gr\u00f6\u00dferen Gruppe, gelten f\u00fcr Fern- und Nahverkehr nicht nur andere Regelungen, sondern auch gewisse Pflichten f\u00fcr die Fahrradfahrer.<\/p>\n\n\n\n<p>Solltest du in Fernz\u00fcge mit einer Gruppe von sechs oder mehr Personen reisen, so ist der Fahrradtransport reservierungspflichtig \u2013 und zwar f\u00fcr Sitz- und Fahrradstellplatz. Das geht nicht online, sondern muss telefonisch oder station\u00e4r erfolgen. \u202fIn der dann erforderlichen Fahrradkarte ist eine Stellplatzreservierung bereits inkludiert und \u2013 im Gegensatz zu anderen Angeboten \u2013 ist eine Fahrradmitnahme dann auch garantiert. Kleinere Gruppen bis maximal f\u00fcnf Personen k\u00f6nnen ihre Verbindung auch online buchen.<\/p>\n\n\n\n<p>Im Nahverkehr m\u00fcssen sich Gruppen mit sechs oder mehr Fahrr\u00e4dern ebenfalls anmelden, und zwar bis sp\u00e4testens sieben Tage vor der Reise (m\u00f6glich unter der Telefonnummer 0180 \u2013 699 663 3). Allerdings ist der Fahrradtransport auch dann nicht garantiert, etwa wenn die Fahrradabteile zu voll sind und der Fahrradtransport nur noch in den Einstiegsbereichen m\u00f6glich w\u00e4re. In Bahnen anderer Gesellschaften besteht unter Umst\u00e4nden keine Notwendigkeit der Anmeldung.<\/p>\n\n\n\n<h5 class=\"wp-block-heading\" id=\"anker14\">Fahrrad in der Bahn als Handgep\u00e4ck mitnehmen<\/h5>\n\n\n\n<p>Ein Faltrad spart nicht nur Platz und ist einfach zu transportieren, sondern hat einen weiteren Vorteil: Es gilt bei der Deutschen Bahn, \u00d6BB und SBB als Handgep\u00e4ck und ist als solches kostenlos mitzunehmen. So entf\u00e4llt die Reservierung und die Notwendigkeit, das Fahrradabteil zu nutzen. Einzige Bedingung: du musst es auch wie normales Handgep\u00e4ck \u00fcber oder unter dem Sitz verstauen k\u00f6nnen.<\/p>\n\n\n\n<p>Dein Fahrrad gilt ebenfalls als kostenloses Handgep\u00e4ck, wenn du es f\u00fcr die Dauer der Reise demontierst oder komplett verpackst. In der Schweiz muss grunds\u00e4tzlich nur das Vorderrad abmontiert und das Fahrrad in einer Tragtasche verstaut sein, damit es als Gep\u00e4ckst\u00fcck gilt. Daf\u00fcr eignet sich beispielsweise der TranZbag. Es wird aber jede Transporttasche, unabh\u00e4ngig vom Hersteller akzeptiert.<\/p>\n\n\n\n<h5 class=\"wp-block-heading\" id=\"anker15\">Fahrrad als Gep\u00e4ck versenden \u2013 die Alternative f\u00fcr Radurlauber<\/h5>\n\n\n\n<p>Du musst mehrmals umsteigen und\/oder nutzt mehrere Regionalz\u00fcge, in denen es kein Fahrradabteil bzw. nur begrenzte Kapazit\u00e4ten vorhanden sind? Dann gibt es neben der klassischen Mitnahme eine weitere Option: du verschickst dein Fahrrad als (Sonder-)Gep\u00e4ck. Das ist innerhalb Deutschlands, \u00d6sterreichs und der Schweiz m\u00f6glich.<\/p>\n\n\n\n<p class=\"mb-5\">Der Fahrradversand ist online, in den Verkaufsstellen oder per Telefon buchbar und beginnt aktuell ab 27,50 Euro pro Gep\u00e4ckst\u00fcck in eine Richtung. Das Fahrrad wird bei dir zu Hause abgeholt und sogar bis auf die deutschen Inseln verschickt. Die Versanddauer betr\u00e4gt im Normalfall zwei bis drei Tage. F\u00fcr die sachgerechte Verpackung besteht die M\u00f6glichkeit, entsprechendes Material beim Kauf des Gep\u00e4cktickets mitzubestellen.<\/p>\n\n\n\n<h3 class=\"wp-block-heading\">SPEZIELLE REGELUNGEN F\u00dcR DIE FAHRRADMITNAHME IN DER BAHN<\/h3>\n\n\n\n<h5 class=\"wp-block-heading\" id=\"anker16\">Darf ich das E-Bike in der Bahn mitnehmen?<\/h5>\n\n\n\n<p>Im Rahmen des anhaltenden E-Bike-Trends gibt es f\u00fcr die Mitnahme von Elektrofahrr\u00e4dern einige besondere Hinweise. So darfst du E-Bikes mit einer Geschwindigkeit von maximal 25 km\/h mitnehmen. Modelle, die schneller fahren k\u00f6nnen, sind vom Transport ausgeschlossen.\u202fEine besondere Regelung betrifft die Akkus: Diese m\u00fcssen aus Sicherheitsgr\u00fcnden am Rad montiert bleiben, denn einzeln mitgef\u00fchrt sind Lithium-Ionen-Akkus als Gefahrgut klassifiziert.<\/p>\n\n\n\n<p>Die Mitnahme von einzelnen Ersatzakkus f\u00fcr\u202f<a href=\"https:\/\/www.diamantrad.com\/bikes\/ebikes\/\" target=\"_blank\" rel=\"noreferrer noopener\" aria-label=\"Opens external link in a new tab\">Diamant E-Bikes<\/a>\u202fund andere Modelle ist \u00fcbrigens nur dann gestattet, wenn sie sich in einer \u201ebauartgepr\u00fcften Verpackung\u201c befinden. Dies ist unter anderem in der sogenannten Verpackungsanweisung LP903 geregelt.<\/p>\n\n\n\n<h5 class=\"wp-block-heading\" id=\"anker17\">Darf ich das S-Pedelec in der Bahn mitnehmen?<\/h5>\n\n\n\n<p>Nein, S-Pedelecs sind in Z\u00fcgen nicht erlaubt. Obwohl sie technisch oft identisch mit herk\u00f6mmlichen, gedrosselten E-Bikes sind, d\u00fcrfen sie nicht in der Bahn transportiert werden. Denn gesetzlich betrachtet handelt es sich bei S-Pedelecs nicht um Fahrr\u00e4der, sondern um Kleinkraftfahrzeuge.<\/p>\n\n\n<div class=\"wp-block-image\">\n<figure class=\"aligncenter size-full\"><img data-dominant-color=\"7b7e81\" data-has-transparency=\"false\" style=\"--dominant-color: #7b7e81;\" loading=\"lazy\" decoding=\"async\" width=\"2560\" height=\"1707\" sizes=\"auto, (max-width: 2560px) 100vw, 2560px\" src=\"https:\/\/www.diamantrad.com\/wp-content\/uploads\/2018\/03\/Blog-Fahrradmitnahme-in-der-Bahn-Teil-2-Fahrrad-am-Bahnsteig-scaled.avif\" alt=\"Zwei Fahrradfahrer laufen in einer grossen Bahnhofshalle dem Bahnsteig entlang\" class=\"wp-image-31875 not-transparent\" srcset=\"https:\/\/www.diamantrad.com\/wp-content\/uploads\/2018\/03\/Blog-Fahrradmitnahme-in-der-Bahn-Teil-2-Fahrrad-am-Bahnsteig-scaled.avif 2560w, https:\/\/www.diamantrad.com\/wp-content\/uploads\/2018\/03\/Blog-Fahrradmitnahme-in-der-Bahn-Teil-2-Fahrrad-am-Bahnsteig-300x200.avif 300w, https:\/\/www.diamantrad.com\/wp-content\/uploads\/2018\/03\/Blog-Fahrradmitnahme-in-der-Bahn-Teil-2-Fahrrad-am-Bahnsteig-1024x683.avif 1024w, https:\/\/www.diamantrad.com\/wp-content\/uploads\/2018\/03\/Blog-Fahrradmitnahme-in-der-Bahn-Teil-2-Fahrrad-am-Bahnsteig-768x512.avif 768w, https:\/\/www.diamantrad.com\/wp-content\/uploads\/2018\/03\/Blog-Fahrradmitnahme-in-der-Bahn-Teil-2-Fahrrad-am-Bahnsteig-1536x1024.avif 1536w, https:\/\/www.diamantrad.com\/wp-content\/uploads\/2018\/03\/Blog-Fahrradmitnahme-in-der-Bahn-Teil-2-Fahrrad-am-Bahnsteig-2048x1366.avif 2048w\" \/><\/figure>\n<\/div>\n\n\n<h5 class=\"wp-block-heading\" id=\"anker18\">Was heisst eigentlich \u201eFahrradmitnahme begrenzt m\u00f6glich\u201c?<\/h5>\n\n\n\n<p>Dieser Hinweis deutet auf die eingeschr\u00e4nkten Kapazit\u00e4ten f\u00fcr Fahrr\u00e4der in Z\u00fcgen hin. Sollten also alle Stellpl\u00e4tze in einem Mehrzweck- oder Fahrradabteil bereits belegt sein, ist ein Transport gegebenenfalls nicht m\u00f6glich. Personen mit Handicap wie etwa Rollstuhlfahrer und Eltern mit Kinderwagen haben zudem Vorrang vor Radfahrern.<\/p>\n\n\n\n<p>Teilweise erh\u00e4ltst du im Internet genauere Angaben zur Anzahl von verf\u00fcgbaren Fahrradstellpl\u00e4tzen pro Zug. Das hilft besonders bei der Planung von Radtouren in gr\u00f6\u00dferen Gruppen bzw. Urlaube mit Rad und Bahn, bei denen Fernverkehr- und Regionalverkehrsz\u00fcge genutzt werden.<\/p>\n\n\n\n<h5 class=\"wp-block-heading\" id=\"anker19\">Tipps und Empfehlungen f\u00fcr Reisen mit Bahn und Rad<\/h5>\n\n\n\n<ul class=\"wp-block-list\">\n<li>Vermeide wenn m\u00f6glich Sto\u00dfzeiten wie Pendlerverkehr und generell Hauptverkehrszeiten (das empfiehlt \u00fcbrigens auch der ADFC).<\/li>\n\n\n\n<li>Gen\u00fcgend Zeit am Bahnhof einplanen. W\u00e4hle Reiseverbindungen und Strecken, bei denen du so wenig wie m\u00f6glich umsteigen musst und ansonsten gen\u00fcgend zeitlichen Puffer hast.<\/li>\n\n\n\n<li>Fahrradabteile erkennst du am Zug selber, auf Wagenstandsanzeigern sowie auf elektronischen Anzeigetafeln. Warte direkt am entsprechenden Standort (meist am Kopf oder Ende des Zuges) \u2013 das hilft, Versp\u00e4tungen zu vermeiden.<\/li>\n\n\n\n<li>Gr\u00f6\u00dfere Gruppen verteilen sich idealerweise auf mehrere Abteile.<\/li>\n\n\n\n<li>Sp\u00e4testens nach dem Einsteigen m\u00f6gliche Seitentaschen abnehmen, um Platz zu sparen. Das Rad gegen Umfallen sichern.<\/li>\n\n\n\n<li>Kinderwagen und mobilit\u00e4tseingeschr\u00e4nkte Reisende haben in Mehrzweckabteilen stets Vortritt.<\/li>\n\n\n\n<li>In manchen Zugtypen gibt es in den Fahrradabteilen Klappsitze. Gebe diese ggf. frei, damit weitere Fahrr\u00e4der Platz finden.<\/li>\n\n\n\n<li>Fluchtwege und Einstiegsbereiche sind immer freizuhalten.<\/li>\n\n\n\n<li>Generell gilt: Immer vor deinem Reiseantritt informieren.<\/li>\n<\/ul>\n\n\n\n<p><strong>Fazit:<\/strong>&nbsp;Generell bietet die DB, \u00d6BB und SBB viele Informationen und Tipps zum Reisen mit Bahn und Rad. Aufgrund der individuellen Regelungen der verschiedenen Verkehrsverb\u00fcnde solltest du dich in Ruhe und mit gen\u00fcgend Vorlaufzeit informieren. Das gilt vor allen Dingen dann, wenn du in einer Gruppe unterwegs bist oder als Radurlauber eine l\u00e4ngere Reise mit Intercity bzw. Fernz\u00fcgen generell unternimmst. durch die einzelnen Vorgaben der L\u00e4nder und der generellen Auslastung ist es zudem ratsam, typische Pendler- und Hauptverkehrszeiten zu vermeiden.<\/p>\n\n\n\n<h5 class=\"wp-block-heading\" id=\"anker20\">Weitere Informationen zur Mitnahme von Fahrr\u00e4dern in Z\u00fcgen<\/h5>\n\n\n\n<ul class=\"wp-block-list mb-4\">\n<li>DB Hotline: Hier bekommst du Informationen zur Fahrradmitnahme, -versand und \u2013miete. Auch eine Buchung bzw. Reservierung von Tickets und Stellpl\u00e4tzen ist m\u00f6glich. Die kostenpflichtige Nummer&nbsp;<strong>0180 \u2013 699 663 3<\/strong>&nbsp;ist t\u00e4glich von 8 bis 20 Uhr erreichbar.&nbsp;&nbsp;<\/li>\n\n\n\n<li>\u00d6BB Kund:innenservie: Hier kannst du alternativ einen Platz f\u00fcr dein Fahrrad buchen. Die Telefon-Hotline erreichst du unter&nbsp;<strong>05 1717<\/strong>.&nbsp;<\/li>\n\n\n\n<li>SBB Contact Center: Hier kannst du deinen Veloplatz alternativ bis drei Werktage vor Reisebeginn buchen. Die kostenpflichtige Nummer&nbsp;<strong>0848 44 66 88<\/strong>&nbsp;ist t\u00e4glich, rund um die Uhr erreichbar. Es ist zeitenweise aber mit Wartezeiten zu rechnen.&nbsp;&nbsp;<\/li>\n<\/ul>\n\n\n\n<p><strong>Zum Nachlesen:&nbsp;&nbsp;<\/strong><\/p>\n\n\n\n<ul class=\"wp-block-list\">\n<li><a href=\"https:\/\/www.bahn.de\/agb\" target=\"_blank\" rel=\"noreferrer noopener\" aria-label=\"Opens external link in a new tab\">Bef\u00f6rderungsbedingungen der Deutschen Bahn AG<\/a><\/li>\n\n\n\n<li><a href=\"https:\/\/www.oebb.at\/static\/tarife\/de\/handbuch_fuer_reisen_mit_der_oebb_in_oesterreich\/index.html\" target=\"_blank\" rel=\"noreferrer noopener\" aria-label=\"Opens external link in a new tab\">Handbuch f\u00fcr Reisen mit den \u00d6BB in \u00d6sterreich inkl. Tarife<\/a><\/li>\n\n\n\n<li><a href=\"https:\/\/company.sbb.ch\/de\/sbb-als-geschaeftspartner\/einkauf\/vorschriften-agb\/agb.html\" target=\"_blank\" rel=\"noreferrer noopener\" aria-label=\"Opens external link in a new tab\">Bef\u00f6rderungsbedingungen (AGB) der Schweizerischen Bundesbahnen<\/a><\/li>\n\n\n\n<li>DB:&nbsp;<a href=\"https:\/\/www.bahn.de\/service\/ueber-uns\/inside-bahn\/tipps-tricks\/checkliste-fahrradmitnahme-bahn\" target=\"_blank\" rel=\"noreferrer noopener\" aria-label=\"Opens external link in a new tab\">So reisen Sie bequem mit dem Fahrrad<\/a><\/li>\n\n\n\n<li>\u00d6BB:&nbsp;<a href=\"https:\/\/www.oebb.at\/de\/reiseplanung-services\/im-zug\/fahrradmitnahme\" target=\"_blank\" rel=\"noreferrer noopener\" aria-label=\"Opens external link in a new tab\">Fahrradmitnahme in der Bahn<\/a><\/li>\n\n\n\n<li>SBB:&nbsp;<a href=\"https:\/\/www.sbb.ch\/de\/reiseinformationen\/individuelle-beduerfnisse\/reisen-mit-velos\/so-reist-ihr-velo-mit-ihnen.html\" target=\"_blank\" rel=\"noreferrer noopener\" aria-label=\"Opens external link in a new tab\">Velotransport im Zug: Velobillette und Platzreservierung<\/a><\/li>\n\n\n\n<li>ADFC \u2013 Auf Tour:&nbsp;<a href=\"https:\/\/www.adfc.de\/auf-tour\/#fahrradtransport\/!141\" target=\"_blank\" rel=\"noreferrer noopener\" aria-label=\"Opens external link in a new tab\">Alles Wissenswerte zu Radreisen, Radtouren und Ausfl\u00fcge mit dem Rad<\/a><\/li>\n\n\n\n<li>Europa mit dem Zug:&nbsp;<a href=\"https:\/\/www.europamitdemzug.ch\/\" target=\"_blank\" rel=\"noreferrer noopener\" aria-label=\"Opens external link in a new tab\">Optimale Route aus der Schweiz \u2013 VCS Europa mit dem Zug<\/a><\/li>\n<\/ul>\n\n\n\n<p><\/p>\n","protected":false},"excerpt":{"rendered":"<p>Egal ob beim t\u00e4glichen Pendeln oder im Rahmen des Radurlaubs: Viele Radler sind auf die Kombination Fahrrad und Zug angewiesen. Wir geben Tipps zur Fahrradmitnahme in der Bahn.<\/p>\n","protected":false},"author":8,"featured_media":31888,"comment_status":"closed","ping_status":"closed","sticky":false,"template":"","format":"standard","meta":{"_acf_changed":false,"slim_seo":{"title":"Fahrradmitnahme in der Bahn - so gehts!","description":"Kann ich mein Fahrad in der Bahn mitnehmen? Was hei\u00dft \"Fahrradmitnahme begrenzt m\u00f6glich\"? Antworten zu Bahn und Fahrrad im Diamantrad-Blog."},"footnotes":""},"categories":[28,118],"tags":[251,252,80],"class_list":["post-391","post","type-post","status-publish","format-standard","has-post-thumbnail","hentry","category-bike-ratgeber","category-e-bike-ratgeber","tag-fahrradmitnahme-bahn","tag-fahrradmitnahme-zug","tag-radfahren-stadt"],"acf":[],"_links":{"self":[{"href":"https:\/\/www.diamantrad.com\/en-GB\/wp-json\/wp\/v2\/posts\/391","targetHints":{"allow":["GET"]}}],"collection":[{"href":"https:\/\/www.diamantrad.com\/en-GB\/wp-json\/wp\/v2\/posts"}],"about":[{"href":"https:\/\/www.diamantrad.com\/en-GB\/wp-json\/wp\/v2\/types\/post"}],"author":[{"embeddable":true,"href":"https:\/\/www.diamantrad.com\/en-GB\/wp-json\/wp\/v2\/users\/8"}],"replies":[{"embeddable":true,"href":"https:\/\/www.diamantrad.com\/en-GB\/wp-json\/wp\/v2\/comments?post=391"}],"version-history":[{"count":0,"href":"https:\/\/www.diamantrad.com\/en-GB\/wp-json\/wp\/v2\/posts\/391\/revisions"}],"wp:featuredmedia":[{"embeddable":true,"href":"https:\/\/www.diamantrad.com\/en-GB\/wp-json\/wp\/v2\/media\/31888"}],"wp:attachment":[{"href":"https:\/\/www.diamantrad.com\/en-GB\/wp-json\/wp\/v2\/media?parent=391"}],"wp:term":[{"taxonomy":"category","embeddable":true,"href":"https:\/\/www.diamantrad.com\/en-GB\/wp-json\/wp\/v2\/categories?post=391"},{"taxonomy":"post_tag","embeddable":true,"href":"https:\/\/www.diamantrad.com\/en-GB\/wp-json\/wp\/v2\/tags?post=391"}],"curies":[{"name":"wp","href":"https:\/\/api.w.org\/{rel}","templated":true}]}}